{"id":33013,"date":"2021-01-19T22:14:33","date_gmt":"2021-01-19T22:14:33","guid":{"rendered":"http:\/\/notiissa.mx\/?p=33013"},"modified":"2021-01-19T22:18:43","modified_gmt":"2021-01-19T22:18:43","slug":"centros-de-acopio-de-arbolitos-navidenos-estaran-disponibles-hasta-el-31-de-enero","status":"publish","type":"post","link":"https:\/\/notiissa.mx\/?p=33013","title":{"rendered":"Dep\u00f3sitos de arbolitos navide\u00f1os estar\u00e1n disponibles hasta el 31 de enero"},"content":{"rendered":"\n<p>Ciudad de Chihuahua.- Las direcciones de Servicios P\u00fablicos y de Mantenimiento del Municipio ubic\u00f3  tres macro contenedores para el acopio de \u00e1rboles navide\u00f1os naturales.<\/p>\n\n\n\n<p>El director de Servicios \nP\u00fablicos Municipales, Ricardo Mart\u00ednez invit\u00f3 a los chihuahuenses a que \nacudan a alguno de los centro de acopio que estar\u00e1n funcionando hasta el\n domingo 31 de enero, en los estacionamientos de los siguientes puntos:<\/p>\n\n\n\n<p>&#8211;&nbsp;&nbsp;&nbsp;&nbsp;&nbsp;&nbsp;&nbsp;Soriana Homero y Tecnol\u00f3gico<\/p>\n\n\n\n<p>&#8211;&nbsp;&nbsp;&nbsp;&nbsp;&nbsp;&nbsp;&nbsp;Soriana Mirador y Ortiz Mena<\/p>\n\n\n\n<p>&#8211;&nbsp;&nbsp;&nbsp;&nbsp;&nbsp;&nbsp;&nbsp;Wal-Mart Juventud y Haciendas del Valle<\/p>\n\n\n\n<p>Es importante que los \nciudadanos que adquirieron por tradici\u00f3n estos art\u00edculos durante la \ntemporada navide\u00f1a se deshagan de estos de manera adecuada y no los \nsaquen a la calle, porque debido a su volumen, el cami\u00f3n recolector no \nlos puede retirar.<\/p>\n\n\n\n<p>Ricardo Mart\u00ednez Garc\u00eda, \nllam\u00f3 a hacer buen uso de los macro contenedores y abstenerse de dejar \nresiduos u objetos distintos a los \u00e1rboles navide\u00f1os naturales fuera de \nlos mismos, ya que provocan contaminaci\u00f3n.<\/p>\n","protected":false},"excerpt":{"rendered":"<p>Ciudad de Chihuahua.- Las direcciones de Servicios P\u00fablicos y de Mantenimiento del Municipio ubic\u00f3 tres macro contenedores para el acopio de \u00e1rboles navide\u00f1os naturales. El director de Servicios P\u00fablicos Municipales, Ricardo Mart\u00ednez invit\u00f3 a los chihuahuenses a que acudan a alguno de los centro de acopio que estar\u00e1n funcionando hasta el domingo 31 de enero, [&hellip;]<\/p>\n","protected":false},"author":1,"featured_media":33014,"comment_status":"closed","ping_status":"closed","sticky":false,"template":"","format":"standard","meta":{"rop_custom_images_group":[],"rop_custom_messages_group":[],"rop_publish_now":"initial","rop_publish_now_accounts":[],"rop_publish_now_history":[],"rop_publish_now_status":"pending","footnotes":""},"categories":[67],"tags":[23],"class_list":["post-33013","post","type-post","status-publish","format-standard","has-post-thumbnail","hentry","category-ciudad","tag-destacado"],"_links":{"self":[{"href":"https:\/\/notiissa.mx\/index.php?rest_route=\/wp\/v2\/posts\/33013","targetHints":{"allow":["GET"]}}],"collection":[{"href":"https:\/\/notiissa.mx\/index.php?rest_route=\/wp\/v2\/posts"}],"about":[{"href":"https:\/\/notiissa.mx\/index.php?rest_route=\/wp\/v2\/types\/post"}],"author":[{"embeddable":true,"href":"https:\/\/notiissa.mx\/index.php?rest_route=\/wp\/v2\/users\/1"}],"replies":[{"embeddable":true,"href":"https:\/\/notiissa.mx\/index.php?rest_route=%2Fwp%2Fv2%2Fcomments&post=33013"}],"version-history":[{"count":2,"href":"https:\/\/notiissa.mx\/index.php?rest_route=\/wp\/v2\/posts\/33013\/revisions"}],"predecessor-version":[{"id":33016,"href":"https:\/\/notiissa.mx\/index.php?rest_route=\/wp\/v2\/posts\/33013\/revisions\/33016"}],"wp:featuredmedia":[{"embeddable":true,"href":"https:\/\/notiissa.mx\/index.php?rest_route=\/wp\/v2\/media\/33014"}],"wp:attachment":[{"href":"https:\/\/notiissa.mx\/index.php?rest_route=%2Fwp%2Fv2%2Fmedia&parent=33013"}],"wp:term":[{"taxonomy":"category","embeddable":true,"href":"https:\/\/notiissa.mx\/index.php?rest_route=%2Fwp%2Fv2%2Fcategories&post=33013"},{"taxonomy":"post_tag","embeddable":true,"href":"https:\/\/notiissa.mx\/index.php?rest_route=%2Fwp%2Fv2%2Ftags&post=33013"}],"curies":[{"name":"wp","href":"https:\/\/api.w.org\/{rel}","templated":true}]}}