{"id":32211,"date":"2020-12-30T18:30:11","date_gmt":"2020-12-30T18:30:11","guid":{"rendered":"http:\/\/notiissa.mx\/?p=32211"},"modified":"2020-12-30T18:30:12","modified_gmt":"2020-12-30T18:30:12","slug":"invitan-a-la-exposicion-fotografica-colores-de-la-sierra","status":"publish","type":"post","link":"https:\/\/notiissa.mx\/?p=32211","title":{"rendered":"Invitan a la exposici\u00f3n fotogr\u00e1fica \u201cColores de la Sierra\u201d"},"content":{"rendered":"\n<p>Chihuahua.- Sedue realizar\u00e1 visitas virtuales con gu\u00eda para participar en esta experiencia durante la segunda quincena de enero de 2021<\/p>\n\n\n\n<p>Con la\nfinalidad de dar a conocer la riqueza natural del estado grande, la Secretar\u00eda\nde Desarrollo Urbano y Ecolog\u00eda (Sedue) invita al p\u00fablico en general a las\nvisitas guiadas virtuales de la exposici\u00f3n fotogr\u00e1fica denominada Colores de la\nSierra.<\/p>\n\n\n\n<p>Esta muestra\nsurge de los trabajos realizados en el proyecto: Estudio para el Manejo,\nMonitoreo y Conservaci\u00f3n del Lobo Mexicano, a cargo del equipo del \u00e1rea de\nfauna silvestre de la Universidad Aut\u00f3noma de Quer\u00e9taro y la Reserva de la\nBi\u00f3sfera Janos. <\/p>\n\n\n\n<p>Adem\u00e1s se\ncuenta con el apoyo de la Comisi\u00f3n Natural de \u00c1reas Naturales Protegidas\n(Conanp), que en los \u00faltimos a\u00f1os ha trabajado en la regi\u00f3n noroeste de\nChihuahua en la colocaci\u00f3n de c\u00e1maras trampa, con las que ha logrado la captura\nde im\u00e1genes fotogr\u00e1ficas de esta gran biodiversidad.<\/p>\n\n\n\n<p>Las visitas ser\u00e1n\nproyectadas por medio de la plataforma Zoom. Los interesados pueden registrarse\nal correo electr\u00f3nico <a rel=\"noreferrer noopener\" target=\"_blank\" href=\"mailto:ceca.sedue@gmail.com\">ceca.sedue@gmail.com<\/a> para agendar la visita\ncorrespondiente y recibir su ID de acceso.<\/p>\n\n\n\n<p>La exposici\u00f3n\nse realizar\u00e1 durante la segunda quincena del pr\u00f3ximo mes de enero. Para mayores\ninformes, llamar a los tel\u00e9fonos (614) 542 90 56 y (614) 542 90 69.<\/p>\n","protected":false},"excerpt":{"rendered":"<p>Chihuahua.- Sedue realizar\u00e1 visitas virtuales con gu\u00eda para participar en esta experiencia durante la segunda quincena de enero de 2021 Con la finalidad de dar a conocer la riqueza natural del estado grande, la Secretar\u00eda de Desarrollo Urbano y Ecolog\u00eda (Sedue) invita al p\u00fablico en general a las visitas guiadas virtuales de la exposici\u00f3n fotogr\u00e1fica [&hellip;]<\/p>\n","protected":false},"author":1,"featured_media":32212,"comment_status":"closed","ping_status":"closed","sticky":false,"template":"","format":"standard","meta":{"rop_custom_images_group":[],"rop_custom_messages_group":[],"rop_publish_now":"initial","rop_publish_now_accounts":[],"rop_publish_now_history":[],"rop_publish_now_status":"pending","footnotes":""},"categories":[73,62,72],"tags":[23],"class_list":["post-32211","post","type-post","status-publish","format-standard","has-post-thumbnail","hentry","category-arte","category-cultura","category-estado","tag-destacado"],"_links":{"self":[{"href":"https:\/\/notiissa.mx\/index.php?rest_route=\/wp\/v2\/posts\/32211","targetHints":{"allow":["GET"]}}],"collection":[{"href":"https:\/\/notiissa.mx\/index.php?rest_route=\/wp\/v2\/posts"}],"about":[{"href":"https:\/\/notiissa.mx\/index.php?rest_route=\/wp\/v2\/types\/post"}],"author":[{"embeddable":true,"href":"https:\/\/notiissa.mx\/index.php?rest_route=\/wp\/v2\/users\/1"}],"replies":[{"embeddable":true,"href":"https:\/\/notiissa.mx\/index.php?rest_route=%2Fwp%2Fv2%2Fcomments&post=32211"}],"version-history":[{"count":1,"href":"https:\/\/notiissa.mx\/index.php?rest_route=\/wp\/v2\/posts\/32211\/revisions"}],"predecessor-version":[{"id":32213,"href":"https:\/\/notiissa.mx\/index.php?rest_route=\/wp\/v2\/posts\/32211\/revisions\/32213"}],"wp:featuredmedia":[{"embeddable":true,"href":"https:\/\/notiissa.mx\/index.php?rest_route=\/wp\/v2\/media\/32212"}],"wp:attachment":[{"href":"https:\/\/notiissa.mx\/index.php?rest_route=%2Fwp%2Fv2%2Fmedia&parent=32211"}],"wp:term":[{"taxonomy":"category","embeddable":true,"href":"https:\/\/notiissa.mx\/index.php?rest_route=%2Fwp%2Fv2%2Fcategories&post=32211"},{"taxonomy":"post_tag","embeddable":true,"href":"https:\/\/notiissa.mx\/index.php?rest_route=%2Fwp%2Fv2%2Ftags&post=32211"}],"curies":[{"name":"wp","href":"https:\/\/api.w.org\/{rel}","templated":true}]}}