{"id":29328,"date":"2020-10-02T20:27:36","date_gmt":"2020-10-02T20:27:36","guid":{"rendered":"http:\/\/notiissa.mx\/?p=29328"},"modified":"2020-10-02T20:27:37","modified_gmt":"2020-10-02T20:27:37","slug":"preparan-reapertura-de-grutas-de-nombre-de-dios-y-centros-comunitarios","status":"publish","type":"post","link":"https:\/\/notiissa.mx\/?p=29328","title":{"rendered":"Preparan reapertura de Grutas de Nombre de Dios y centros comunitarios"},"content":{"rendered":"\n<p>Con un aforo del 30 por ciento. <\/p>\n\n\n\n<p>Ciudad de Chihuahua.- Dio a conocer el DIF Municipal  la  reactivaci\u00f3n de diversas actividades dirigidas a las familias  chihuahuenses.<\/p>\n\n\n\n<p>Ser\u00e1 a partir del martes 6 de octubre cuando\n abran sus puertas 14 centros comunitarios a lo largo de la ciudad, \nofreciendo diversas actividades que ser\u00e1n realizadas bajo todas las \nmedidas de seguridad para la prevenir contagios, ya que la pandemia \ncontin\u00faa, y cumpliendo con el aforo del 30 por ciento permitido.<\/p>\n\n\n\n<p>Los centros comunitarios que retoman actividades son:<\/p>\n\n\n\n<p> Al sur; Cerro Prieto, Desarrollo  Urbano, Rancher\u00eda Ju\u00e1rez, Vistas Cerro Grande, M\u00e1rmol III, DALE,  CEDEFAM Valle Dorado.<\/p>\n\n\n\n<p> Al norte de la ciudad; Riberas de Sacramento, Sahuaros, El Porvenir, Nuevo Triunfo y el CEDEFAM Unidad Vallarta.<\/p>\n\n\n\n<p>\u00a0 Y en la zona centro; Valle de la Madrid y Jardines del Saucito.<\/p>\n\n\n\n<p>Thelma Rivero, directora del DIF Municipal, \ncoment\u00f3 que durante los primeros meses de la contingencia, el personal \ndel DIF reorganiz\u00f3 estrategias para continuar brindando atenci\u00f3n a la \nciudadan\u00eda, y llevar a cabo los programas de apoyo emergente del \nGobierno Municipal. Sin embargo; \u201ces reconfortante poder abrir las \npuertas de estos espacios que estrechan el lazo de la ciudadan\u00eda con las\n autoridades\u201d.<\/p>\n\n\n\n<p>Asegur\u00f3 que es necesario no bajar la guardia\n en el cuidado y prevenci\u00f3n del contagio del COVID, para que poco a poco\n vayan aumentando las actividades que impulsan&nbsp; principalmente el \nfortalecimiento de las familias chihuahuenses, ya que estos centros \ncomunitarios brindan adem\u00e1s de actividades de esparcimiento, atenci\u00f3n \nm\u00e9dica y psicol\u00f3gica.<\/p>\n\n\n\n<p>Por su parte, Mario Garc\u00eda Jim\u00e9nez \ncoordinador general del DIF Municipal, coment\u00f3 que los centros abrir\u00e1n \nde 4 a 7 de la tarde, restringiendo la entrada a menores de edad, \nadultos mayores y personas que forman parte de los grupos de riesgo. De \nigual manera dio a conocer la reapertura de las Grutas Nombre de Dios, a\n partir del martes 6 de octubre, en un horario de 11 de la ma\u00f1ana a 4 de\n la tarde, en donde se estar\u00e1n recibiendo grupos reducidos para la \nrealizaci\u00f3n de los recorridos.<\/p>\n\n\n\n<p>En la reapertura de las Grutas de Nombre de \nDios, as\u00ed como de los espacios p\u00fablicos, se tendr\u00e1 un estricto \ncumplimiento de las medidas de seguridad y salud indicadas para la \nprotecci\u00f3n de las y los chihuahuenses, entre las que destacan uso \npermanente de cubrebocas y la sana distancia.<\/p>\n","protected":false},"excerpt":{"rendered":"<p>Con un aforo del 30 por ciento. Ciudad de Chihuahua.- Dio a conocer el DIF Municipal la reactivaci\u00f3n de diversas actividades dirigidas a las familias chihuahuenses. Ser\u00e1 a partir del martes 6 de octubre cuando abran sus puertas 14 centros comunitarios a lo largo de la ciudad, ofreciendo diversas actividades que ser\u00e1n realizadas bajo todas [&hellip;]<\/p>\n","protected":false},"author":1,"featured_media":29329,"comment_status":"closed","ping_status":"closed","sticky":false,"template":"","format":"standard","meta":{"rop_custom_images_group":[],"rop_custom_messages_group":[],"rop_publish_now":"initial","rop_publish_now_accounts":[],"rop_publish_now_history":[],"rop_publish_now_status":"pending","footnotes":""},"categories":[67,70],"tags":[],"class_list":["post-29328","post","type-post","status-publish","format-standard","has-post-thumbnail","hentry","category-ciudad","category-espectaculos"],"_links":{"self":[{"href":"https:\/\/notiissa.mx\/index.php?rest_route=\/wp\/v2\/posts\/29328","targetHints":{"allow":["GET"]}}],"collection":[{"href":"https:\/\/notiissa.mx\/index.php?rest_route=\/wp\/v2\/posts"}],"about":[{"href":"https:\/\/notiissa.mx\/index.php?rest_route=\/wp\/v2\/types\/post"}],"author":[{"embeddable":true,"href":"https:\/\/notiissa.mx\/index.php?rest_route=\/wp\/v2\/users\/1"}],"replies":[{"embeddable":true,"href":"https:\/\/notiissa.mx\/index.php?rest_route=%2Fwp%2Fv2%2Fcomments&post=29328"}],"version-history":[{"count":1,"href":"https:\/\/notiissa.mx\/index.php?rest_route=\/wp\/v2\/posts\/29328\/revisions"}],"predecessor-version":[{"id":29330,"href":"https:\/\/notiissa.mx\/index.php?rest_route=\/wp\/v2\/posts\/29328\/revisions\/29330"}],"wp:featuredmedia":[{"embeddable":true,"href":"https:\/\/notiissa.mx\/index.php?rest_route=\/wp\/v2\/media\/29329"}],"wp:attachment":[{"href":"https:\/\/notiissa.mx\/index.php?rest_route=%2Fwp%2Fv2%2Fmedia&parent=29328"}],"wp:term":[{"taxonomy":"category","embeddable":true,"href":"https:\/\/notiissa.mx\/index.php?rest_route=%2Fwp%2Fv2%2Fcategories&post=29328"},{"taxonomy":"post_tag","embeddable":true,"href":"https:\/\/notiissa.mx\/index.php?rest_route=%2Fwp%2Fv2%2Ftags&post=29328"}],"curies":[{"name":"wp","href":"https:\/\/api.w.org\/{rel}","templated":true}]}}