{"id":28225,"date":"2020-08-31T00:33:30","date_gmt":"2020-08-31T00:33:30","guid":{"rendered":"http:\/\/notiissa.mx\/?p=28225"},"modified":"2020-08-31T00:34:02","modified_gmt":"2020-08-31T00:34:02","slug":"la-liga-se-pronuncia-sobre-el-caso-messi-y-aclara-las-diferentes-interpretaciones-de-su-contrato","status":"publish","type":"post","link":"https:\/\/notiissa.mx\/?p=28225","title":{"rendered":"La Liga se pronuncia sobre el caso Messi y aclara las \u00abdiferentes interpretaciones\u00bb de su contrato"},"content":{"rendered":"\n<p> El F.C. Barcelona se ha referido a la famosa cl\u00e1usula de rescisi\u00f3n que  ha generado distintas especulaciones luego de que el argentino revelara  sus intenciones de abandonar el club.              <\/p>\n\n\n\n<p>La Liga Nacional de F\u00fatbol Profesional de Espa\u00f1a (La Liga) se  pronunci\u00f3 este 30 de agosto en relaci\u00f3n con la actual situaci\u00f3n de  Lionel Messi y el F.C. Barcelona. Con una breve nota informativa la  competici\u00f3n busca aclarar ciertos aspectos sobre el contrato del  argentino que han generado \u00abdiferentes interpretaciones\u00bb por parte de  los medios de comunicaci\u00f3n en los \u00faltimos d\u00edas.<\/p>\n\n\n\n<p>Luego de \u00abestudiar la situaci\u00f3n contractual\u00bb, La Liga subraya que&nbsp;<strong>el contrato con Messi se encuentra \u00abactualmente vigente\u00bb<\/strong> y cuenta con una \u00abcl\u00e1usula de rescisi\u00f3n aplicable\u00bb en caso de que el delantero decidiera dar fin anticipado al mismo.<\/p>\n\n\n\n<p>El club, por su parte, adem\u00e1s de aclarar que el&nbsp;documento legal fue \nredactado conforme a la regulaci\u00f3n laboral especial de los deportistas \nprofesionales, advierte que \u00ab<strong>no efectuar\u00e1 el tr\u00e1mite de visado previo de baja federativa<\/strong> al jugador si no ha abonado previamente el importe de dicha cl\u00e1usula\u00bb.<\/p>\n\n\n\n<p>El  pronunciamiento de&nbsp;La Liga&nbsp;ocurre horas despu\u00e9s de la decisi\u00f3n de Messi  de no presentarse este domingo a las pruebas PCR (para detecci\u00f3n de  covid-19) con el resto de sus compa\u00f1eros, previas al inicio de los  entrenamientos del plantel en el estreno de Ronald Koeman como entrenador azulgrana, este lunes 31 de agosto. Esto confirma <strong>la postura de Leo de considerar que su contrato se ha extinguido<\/strong> y reafirma su deseo de abandonar el equipo, se\u00f1ala el diario Mundo Deportivo.<\/p>\n\n\n\n<p>La\u00a0cl\u00e1usula  para que el &#8217;10&#8217; obtenga su libertad de acci\u00f3n antes de finalizar su  contrato es de 700 millones de euros. Resta por ver si otro club coloca  esa importante suma para quedarse con los servicios del delantero, o si  se logra un entendimiento entre el deportista y el Bar\u00e7a.<\/p>\n\n\n\n<p>RT<\/p>\n\n\n\n<p><\/p>\n","protected":false},"excerpt":{"rendered":"<p>El F.C. Barcelona se ha referido a la famosa cl\u00e1usula de rescisi\u00f3n que ha generado distintas especulaciones luego de que el argentino revelara sus intenciones de abandonar el club. La Liga Nacional de F\u00fatbol Profesional de Espa\u00f1a (La Liga) se pronunci\u00f3 este 30 de agosto en relaci\u00f3n con la actual situaci\u00f3n de Lionel Messi y [&hellip;]<\/p>\n","protected":false},"author":1,"featured_media":28226,"comment_status":"closed","ping_status":"closed","sticky":false,"template":"","format":"standard","meta":{"rop_custom_images_group":[],"rop_custom_messages_group":[],"rop_publish_now":"initial","rop_publish_now_accounts":[],"rop_publish_now_history":[],"rop_publish_now_status":"pending","footnotes":""},"categories":[70],"tags":[],"class_list":["post-28225","post","type-post","status-publish","format-standard","has-post-thumbnail","hentry","category-espectaculos"],"_links":{"self":[{"href":"https:\/\/notiissa.mx\/index.php?rest_route=\/wp\/v2\/posts\/28225","targetHints":{"allow":["GET"]}}],"collection":[{"href":"https:\/\/notiissa.mx\/index.php?rest_route=\/wp\/v2\/posts"}],"about":[{"href":"https:\/\/notiissa.mx\/index.php?rest_route=\/wp\/v2\/types\/post"}],"author":[{"embeddable":true,"href":"https:\/\/notiissa.mx\/index.php?rest_route=\/wp\/v2\/users\/1"}],"replies":[{"embeddable":true,"href":"https:\/\/notiissa.mx\/index.php?rest_route=%2Fwp%2Fv2%2Fcomments&post=28225"}],"version-history":[{"count":2,"href":"https:\/\/notiissa.mx\/index.php?rest_route=\/wp\/v2\/posts\/28225\/revisions"}],"predecessor-version":[{"id":28228,"href":"https:\/\/notiissa.mx\/index.php?rest_route=\/wp\/v2\/posts\/28225\/revisions\/28228"}],"wp:featuredmedia":[{"embeddable":true,"href":"https:\/\/notiissa.mx\/index.php?rest_route=\/wp\/v2\/media\/28226"}],"wp:attachment":[{"href":"https:\/\/notiissa.mx\/index.php?rest_route=%2Fwp%2Fv2%2Fmedia&parent=28225"}],"wp:term":[{"taxonomy":"category","embeddable":true,"href":"https:\/\/notiissa.mx\/index.php?rest_route=%2Fwp%2Fv2%2Fcategories&post=28225"},{"taxonomy":"post_tag","embeddable":true,"href":"https:\/\/notiissa.mx\/index.php?rest_route=%2Fwp%2Fv2%2Ftags&post=28225"}],"curies":[{"name":"wp","href":"https:\/\/api.w.org\/{rel}","templated":true}]}}