{"id":28160,"date":"2020-08-28T16:44:28","date_gmt":"2020-08-28T16:44:28","guid":{"rendered":"http:\/\/notiissa.mx\/?p=28160"},"modified":"2020-08-28T16:44:29","modified_gmt":"2020-08-28T16:44:29","slug":"murio-don-manuel-el-loco-valdes","status":"publish","type":"post","link":"https:\/\/notiissa.mx\/?p=28160","title":{"rendered":"Muri\u00f3 don Manuel &#8216;El Loco&#8217; Vald\u00e9s"},"content":{"rendered":"\n<p> El actor perteneciente a la llamada \u00c9poca de Oro del cine mexicano falleci\u00f3 a los 89 a\u00f1os.  <\/p>\n\n\n\n<p> Fernando Manuel Alfonso G\u00f3mez de Vald\u00e9s y Castillo, mejor conocido como \u2018<strong>El Loco\u2019 Vald\u00e9s<\/strong>, falleci\u00f3 este viernes a los 89 a\u00f1os de edad, seg\u00fan reportaron varias fuentes y la empresa Televisa. <\/p>\n\n\n\n<p>Naci\u00f3 el 29 de enero de 1931, en Ciudad Ju\u00e1rez, Chihuahua, y fue un  actor mexicano que perteneci\u00f3 a la llamada \u2018\u00c9poca de Oro\u2019 del cine  mexicano, parte de la dinast\u00eda de hermanos\u00a0<strong>Germ\u00e1n Vald\u00e9s<\/strong>\u00a0(<strong>Tin Tan<\/strong>),\u00a0<strong>Ram\u00f3n Vald\u00e9s<\/strong>\u00a0(<strong>Don Ram\u00f3n<\/strong>\u00a0en El Chavo del Ocho) y\u00a0<strong>Antonio Vald\u00e9s Castillo<\/strong>.<\/p>\n\n\n\n<p>Fue padre de 12 hijos entre los que destacan el actor Marcos Vald\u00e9s \n(con la actriz Rosa Mar\u00eda Bojalil Garza), el cantante Cristian Castro \n(con la actriz Ver\u00f3nica Castro) y el tambi\u00e9n cantante Pedro Vald\u00e9s.<\/p>\n\n\n\n<p> Particip\u00f3 en pel\u00edculas como \u201cDos tontos y un loco\u201d, \u201cLocura de terror\u201d,  \u201cCon quien andan nuestros locos\u201d, \u201cLa caperucita roja\u201d, \u201cEl supermacho\u201d,  \u201cLos tres mosqueteros y medio\u201d, \u201cLocos peligrosos\u201d, \u201cCalabacitas  Tiernas\u201d, entre otras. En cuanto a telenovelas, se le vio en \u201cAmy, la  ni\u00f1a de la mochila azul\u201d, \u201c\u00a1Vivan los ni\u00f1os!\u201d, \u201cEntre el amor y el  odio\u201d, \u201cSiempre te amar\u00e9\u201d, \u201cAtr\u00e9vete a so\u00f1ar\u201d y recientemente particip\u00f3  en \u201cComo dice el dicho\u201d. En teatro estuvo en <em>El Tenorio C\u00f3mico<\/em>, <em>Don Juan Tenorio<\/em>, <em>Peter Pan o el ni\u00f1o que no quer\u00eda ser grande<\/em>, <em>Puros cuentos\u2026 del abuelo<\/em>, <em>Aeroplanos<\/em> y <em>Divas por siempre<\/em>. <\/p>\n\n\n\n<p> TelevisaEspect\u00e1culos <\/p>\n\n\n\n<p> AN\/GS <\/p>\n","protected":false},"excerpt":{"rendered":"<p>El actor perteneciente a la llamada \u00c9poca de Oro del cine mexicano falleci\u00f3 a los 89 a\u00f1os. Fernando Manuel Alfonso G\u00f3mez de Vald\u00e9s y Castillo, mejor conocido como \u2018El Loco\u2019 Vald\u00e9s, falleci\u00f3 este viernes a los 89 a\u00f1os de edad, seg\u00fan reportaron varias fuentes y la empresa Televisa. Naci\u00f3 el 29 de enero de 1931, [&hellip;]<\/p>\n","protected":false},"author":1,"featured_media":28161,"comment_status":"closed","ping_status":"closed","sticky":false,"template":"","format":"standard","meta":{"rop_custom_images_group":[],"rop_custom_messages_group":[],"rop_publish_now":"initial","rop_publish_now_accounts":[],"rop_publish_now_history":[],"rop_publish_now_status":"pending","footnotes":""},"categories":[70],"tags":[],"class_list":["post-28160","post","type-post","status-publish","format-standard","has-post-thumbnail","hentry","category-espectaculos"],"_links":{"self":[{"href":"https:\/\/notiissa.mx\/index.php?rest_route=\/wp\/v2\/posts\/28160","targetHints":{"allow":["GET"]}}],"collection":[{"href":"https:\/\/notiissa.mx\/index.php?rest_route=\/wp\/v2\/posts"}],"about":[{"href":"https:\/\/notiissa.mx\/index.php?rest_route=\/wp\/v2\/types\/post"}],"author":[{"embeddable":true,"href":"https:\/\/notiissa.mx\/index.php?rest_route=\/wp\/v2\/users\/1"}],"replies":[{"embeddable":true,"href":"https:\/\/notiissa.mx\/index.php?rest_route=%2Fwp%2Fv2%2Fcomments&post=28160"}],"version-history":[{"count":1,"href":"https:\/\/notiissa.mx\/index.php?rest_route=\/wp\/v2\/posts\/28160\/revisions"}],"predecessor-version":[{"id":28162,"href":"https:\/\/notiissa.mx\/index.php?rest_route=\/wp\/v2\/posts\/28160\/revisions\/28162"}],"wp:featuredmedia":[{"embeddable":true,"href":"https:\/\/notiissa.mx\/index.php?rest_route=\/wp\/v2\/media\/28161"}],"wp:attachment":[{"href":"https:\/\/notiissa.mx\/index.php?rest_route=%2Fwp%2Fv2%2Fmedia&parent=28160"}],"wp:term":[{"taxonomy":"category","embeddable":true,"href":"https:\/\/notiissa.mx\/index.php?rest_route=%2Fwp%2Fv2%2Fcategories&post=28160"},{"taxonomy":"post_tag","embeddable":true,"href":"https:\/\/notiissa.mx\/index.php?rest_route=%2Fwp%2Fv2%2Ftags&post=28160"}],"curies":[{"name":"wp","href":"https:\/\/api.w.org\/{rel}","templated":true}]}}