{"id":27706,"date":"2020-08-16T15:55:46","date_gmt":"2020-08-16T15:55:46","guid":{"rendered":"http:\/\/notiissa.mx\/?p=27706"},"modified":"2020-08-16T15:55:47","modified_gmt":"2020-08-16T15:55:47","slug":"habra-destilichadero-en-la-obrera-barrio-de-londres-y-pacifico","status":"publish","type":"post","link":"https:\/\/notiissa.mx\/?p=27706","title":{"rendered":"Habr\u00e1 \u201cDestilichadero\u201d en la Obrera, Barrio de Londres y Pac\u00edfico"},"content":{"rendered":"\n<p>Ciudad de Chihuahua.- La semana del 17 al 21 de  agosto  la Direcci\u00f3n de Servicios  P\u00fablicos del Municipio  llevar\u00e1 a tres colonias de las m\u00e1s antiguas y populares de la ciudad el programa \u00abDestilichadero\u00bb, con la intenci\u00f3n de que saquen  aquellos objetos que ya no les son \u00fatiles en casa.<\/p>\n\n\n\n<p>A continuaci\u00f3n, los d\u00edas en que se colocar\u00e1n los contenedores en cada colonia:<\/p>\n\n\n\n<p><strong>Martes 18 de agosto<\/strong><\/p>\n\n\n\n<p>Colonia: Obrera (dentro del cuadrante que forman las calles 39\u00aa, Ram\u00edrez, 29\u00aa y Aldama)<\/p>\n\n\n\n<p>Contenedor: Calles 27\u00aa y Esteban Coronado (afuera de la escuela Primaria Praxedis G Guerrero)<\/p>\n\n\n\n<p><strong>Mi\u00e9rcoles 19 de agosto<\/strong><\/p>\n\n\n\n<p>Colonia: Barrio de Londres (entre la avenida 20 de Noviembre, 39\u00aa, Mariano Samaniego y 27\u00aa)<\/p>\n\n\n\n<p>Contenedor: Calles 35\u00aa y Urquidi (Parque La Burrita)<\/p>\n\n\n\n<p><strong>Jueves 20 de agosto<\/strong><\/p>\n\n\n\n<p>Colonia: Pac\u00edfico (cuadrante de atenci\u00f3n entre calles Jim\u00e9nez, 16\u00aa, Carlos Fuero y 44\u00aa)<\/p>\n\n\n\n<p>Contenedor: calle 30\u00aa e Ignacio Ram\u00edrez<\/p>\n\n\n\n<p>El director de Servicios \nP\u00fablicos Municipales, Ricardo Mart\u00ednez Garc\u00eda, indic\u00f3 que el programa \ntiene como objetivo primordial prevenir la acumulaci\u00f3n de tiliches en \nlas casas, adem\u00e1s de evitar problemas a la salud y la aparici\u00f3n de fauna\n nociva.<\/p>\n\n\n\n<p>El operativo inicia en \ncada sector a las 8 de la ma\u00f1ana, por lo que se invita a la comunidad a \nllevar a los macro contenedores los muebles, llantas, ropa, colchones y \notros residuos que ya no les sirvan, o bien avisar a los Guardianes \nEcol\u00f3gicos que patrullan el sector para alg\u00fan apoyo especial de \ntraslado.<\/p>\n","protected":false},"excerpt":{"rendered":"<p>Ciudad de Chihuahua.- La semana del 17 al 21 de agosto la Direcci\u00f3n de Servicios P\u00fablicos del Municipio llevar\u00e1 a tres colonias de las m\u00e1s antiguas y populares de la ciudad el programa \u00abDestilichadero\u00bb, con la intenci\u00f3n de que saquen aquellos objetos que ya no les son \u00fatiles en casa. A continuaci\u00f3n, los d\u00edas en [&hellip;]<\/p>\n","protected":false},"author":1,"featured_media":27707,"comment_status":"closed","ping_status":"closed","sticky":false,"template":"","format":"standard","meta":{"rop_custom_images_group":[],"rop_custom_messages_group":[],"rop_publish_now":"initial","rop_publish_now_accounts":[],"rop_publish_now_history":[],"rop_publish_now_status":"pending","footnotes":""},"categories":[67],"tags":[23],"class_list":["post-27706","post","type-post","status-publish","format-standard","has-post-thumbnail","hentry","category-ciudad","tag-destacado"],"_links":{"self":[{"href":"https:\/\/notiissa.mx\/index.php?rest_route=\/wp\/v2\/posts\/27706","targetHints":{"allow":["GET"]}}],"collection":[{"href":"https:\/\/notiissa.mx\/index.php?rest_route=\/wp\/v2\/posts"}],"about":[{"href":"https:\/\/notiissa.mx\/index.php?rest_route=\/wp\/v2\/types\/post"}],"author":[{"embeddable":true,"href":"https:\/\/notiissa.mx\/index.php?rest_route=\/wp\/v2\/users\/1"}],"replies":[{"embeddable":true,"href":"https:\/\/notiissa.mx\/index.php?rest_route=%2Fwp%2Fv2%2Fcomments&post=27706"}],"version-history":[{"count":1,"href":"https:\/\/notiissa.mx\/index.php?rest_route=\/wp\/v2\/posts\/27706\/revisions"}],"predecessor-version":[{"id":27708,"href":"https:\/\/notiissa.mx\/index.php?rest_route=\/wp\/v2\/posts\/27706\/revisions\/27708"}],"wp:featuredmedia":[{"embeddable":true,"href":"https:\/\/notiissa.mx\/index.php?rest_route=\/wp\/v2\/media\/27707"}],"wp:attachment":[{"href":"https:\/\/notiissa.mx\/index.php?rest_route=%2Fwp%2Fv2%2Fmedia&parent=27706"}],"wp:term":[{"taxonomy":"category","embeddable":true,"href":"https:\/\/notiissa.mx\/index.php?rest_route=%2Fwp%2Fv2%2Fcategories&post=27706"},{"taxonomy":"post_tag","embeddable":true,"href":"https:\/\/notiissa.mx\/index.php?rest_route=%2Fwp%2Fv2%2Ftags&post=27706"}],"curies":[{"name":"wp","href":"https:\/\/api.w.org\/{rel}","templated":true}]}}