{"id":27696,"date":"2020-08-15T01:55:46","date_gmt":"2020-08-15T01:55:46","guid":{"rendered":"http:\/\/notiissa.mx\/?p=27696"},"modified":"2020-08-15T01:55:47","modified_gmt":"2020-08-15T01:55:47","slug":"intensifica-municipio-acciones-y-operativo-covid-para-disminuir-contagios","status":"publish","type":"post","link":"https:\/\/notiissa.mx\/?p=27696","title":{"rendered":"Intensifica Municipio acciones y operativo COVID para disminuir contagios"},"content":{"rendered":"\n<p>Ciudad de Chihuahua.- Atendiendo al Decreto  emitido por el Gobierno del Estado, y al compromiso de cuidar a los  chihuahuenses, la alcaldesa Maru Campos Galv\u00e1n, present\u00f3 las acciones  inmediatas a realizar desde el Gobierno Municipal para buscar disminuir  el n\u00famero de contagios por COVID-19 ya que las cifras contin\u00faan en  aumento.<\/p>\n\n\n\n<p>Detall\u00f3 que el gobierno \nha trabajado de manera permanente a trav\u00e9s de las diferentes \ndependencias desde que surgi\u00f3 la pandemia, con acciones como la \ndesinfecci\u00f3n y sanitizaci\u00f3n continua de espacios p\u00fablicos, el apoyo \nalimentario a las m\u00e1s de 95 mil familias del municipio que est\u00e1n en una \nsituaci\u00f3n compleja por la crisis actual, a trav\u00e9s del despliegue de \nc\u00e9lulas de Seguridad P\u00fablica y Gobernaci\u00f3n Municipal para atender temas \ncomo fiestas escandalosas, aforos en restaurantes y comercios, entre \notras. Anunci\u00f3 que estas acciones ser\u00e1n reforzadas de la siguiente \nmanera:<\/p>\n\n\n\n<p>&#8211; Incremento de inspectores y m\u00e1s polic\u00edas para mantener el orden y evitar m\u00e1s contagios &nbsp;<\/p>\n\n\n\n<p>&#8211; Se duplican de 8 a 16 las c\u00e9lulas COVID, &nbsp;con el fin de ampliar el n\u00famero de pol\u00edgonos atendidos en la ciudad<\/p>\n\n\n\n<p>&#8211; Continuar\u00e1 la entrega de apoyo alimentario por toda la ciudad<\/p>\n\n\n\n<p>&#8211; Se intensifica la limpieza y desinfecci\u00f3n de espacios p\u00fablicos, especialmente en zonas donde hay concentraci\u00f3n de casos COVID<\/p>\n\n\n\n<p>&#8211; Se unifican criterios \nde Protecci\u00f3n Civil, Gobernaci\u00f3n y Seguridad P\u00fablica del Gobierno \nMunicipal, para atender de manera uniforme los protocolos en todos los \nestablecimientos de la ciudad.<\/p>\n\n\n\n<p>Adem\u00e1s, para atender el Decreto de Gobierno del Estado se adicionan nuevas medidas, siendo estas:<\/p>\n\n\n\n<ul class=\"wp-block-list\"><li>Intervenci\u00f3n de c\u00e9lulas COVID en fiestas\n en casa, en colonias con niveles importantes de contagio y permanente \nsupervisi\u00f3n por toda la ciudad<\/li><li>Las sanciones para quienes incumplan el \nDecreto van desde una amonestaci\u00f3n en la calle a quien no cuente con \ncubrebocas, 36 horas de arresto, hasta una multa de 3 mil 600 pesos<\/li><li>Reforzamiento de intervenci\u00f3n en el \nCentro Hist\u00f3rico; se instalan 4 centros de informaci\u00f3n y orientaci\u00f3n \nCOVID con toma de temperatura, entrega de gel y cubrebocas, arcos \nsanitizadores y difusi\u00f3n de medidas de prevenci\u00f3n<\/li><li>En centros comerciales se mantiene \nlimpieza y desinfecci\u00f3n de corredores comerciales, verificaci\u00f3n de \nfiltros y medidas preventivas, supervisi\u00f3n de aforo y perifoneo<\/li><li>Los centros acu\u00e1ticos permanecer\u00e1n cerrados y se refuerza su supervisi\u00f3n<\/li><li>Intervenci\u00f3n directa de c\u00e9lulas COVID en toda la ciudad; Fresno, presas y Majalca<\/li><li>Se formar\u00e1 un comit\u00e9 con CANACO, que se \nreunir\u00e1 semanalmente con la Secretar\u00eda del Ayuntamiento y Protecci\u00f3n \nCivil para analizar situaci\u00f3n del comercio<\/li><\/ul>\n\n\n\n<p>El Gobierno Municipal no \nser\u00e1 permisivo en ning\u00fan sentido, sin embargo, es momento para la \nprudencia y la sensibilidad, y la prioridad en este momento es atender \nla crisis sanitaria, antes que otros temas reglamentados por el Gobierno\n Municipal. En este sentido se seguir\u00e1 operando con transparencia en \ntodo momento, pidiendo a los inspectores que se identifiquen siempre, de\n manera que sea posible recibir denuncias en casos de abuso de autoridad\n o malas atenciones.<\/p>\n\n\n\n<p>La Presidenta Municipal \nreiter\u00f3 que es importante que como ciudadanos tomemos el COVID en serio,\n teniendo en cuenta que las cifras diarias en la ciudad se han duplicado\n y est\u00e1 disminuida la capacidad hospitalaria por lo que la ley y este \ndecreto son para todos, sin excepci\u00f3n.<\/p>\n\n\n\n<p>El total apoyo a las \ndecisiones que se est\u00e1n tomando desde el Gobierno Municipal fue \nexternado por presidente del Consejo Coordinador Empresarial (CCE), \nFrancisco Santini, presente en este anuncio quien adem\u00e1s pidi\u00f3 a los \nciudadanos que las comprendan, esto ya que para poder mantener la \neconom\u00eda abierta es muy importante procurar la salud de las familias \nchihuahuenses.<\/p>\n\n\n\n<p>En tanto, Miguel Guerrero\n El\u00edas, presidente de Desarrollo Econ\u00f3mico A.C (DESEC), llam\u00f3 a los \nchihuahuenses a ser sumamente consientes de la importancia de cuidar las\n medidas de salud, ya que si ello no ocurre dif\u00edcilmente va a arrancar \nel sector productivo; \u201cpedimos a la poblaci\u00f3n que apoye al Municipio en \ntodas las iniciativas que de momento est\u00e1 llevando a cabo para \nsalvaguardar la salud de todos\u201d, dijo.<\/p>\n\n\n\n<p>Durante este anuncio de \nacciones inmediatas se cont\u00f3 con la presencia de representantes del \nsector productivo de la ciudad, entre ellos: Francisco Santini, \npresidente del Consejo Coordinador Empresarial (CCE); Miguel Guerrero \nEl\u00edas, presidente de Desarrollo Econ\u00f3mico A.C &nbsp;(DESEC); v\u00eda zoom de \nErnesto Hermosillo, presidente de Consejo de Desarrollo Regional \n(CODER), as\u00ed como la directora de Desarrollo Econ\u00f3mico y Tur\u00edstico, \nMar\u00eda Ang\u00e9lica Granados y el director de Seguridad P\u00fablica Municipal, \nGilberto Loya.<\/p>\n","protected":false},"excerpt":{"rendered":"<p>Ciudad de Chihuahua.- Atendiendo al Decreto emitido por el Gobierno del Estado, y al compromiso de cuidar a los chihuahuenses, la alcaldesa Maru Campos Galv\u00e1n, present\u00f3 las acciones inmediatas a realizar desde el Gobierno Municipal para buscar disminuir el n\u00famero de contagios por COVID-19 ya que las cifras contin\u00faan en aumento. Detall\u00f3 que el gobierno [&hellip;]<\/p>\n","protected":false},"author":1,"featured_media":27697,"comment_status":"closed","ping_status":"closed","sticky":false,"template":"","format":"standard","meta":{"rop_custom_images_group":[],"rop_custom_messages_group":[],"rop_publish_now":"initial","rop_publish_now_accounts":[],"rop_publish_now_history":[],"rop_publish_now_status":"pending","footnotes":""},"categories":[67],"tags":[23],"class_list":["post-27696","post","type-post","status-publish","format-standard","has-post-thumbnail","hentry","category-ciudad","tag-destacado"],"_links":{"self":[{"href":"https:\/\/notiissa.mx\/index.php?rest_route=\/wp\/v2\/posts\/27696","targetHints":{"allow":["GET"]}}],"collection":[{"href":"https:\/\/notiissa.mx\/index.php?rest_route=\/wp\/v2\/posts"}],"about":[{"href":"https:\/\/notiissa.mx\/index.php?rest_route=\/wp\/v2\/types\/post"}],"author":[{"embeddable":true,"href":"https:\/\/notiissa.mx\/index.php?rest_route=\/wp\/v2\/users\/1"}],"replies":[{"embeddable":true,"href":"https:\/\/notiissa.mx\/index.php?rest_route=%2Fwp%2Fv2%2Fcomments&post=27696"}],"version-history":[{"count":1,"href":"https:\/\/notiissa.mx\/index.php?rest_route=\/wp\/v2\/posts\/27696\/revisions"}],"predecessor-version":[{"id":27698,"href":"https:\/\/notiissa.mx\/index.php?rest_route=\/wp\/v2\/posts\/27696\/revisions\/27698"}],"wp:featuredmedia":[{"embeddable":true,"href":"https:\/\/notiissa.mx\/index.php?rest_route=\/wp\/v2\/media\/27697"}],"wp:attachment":[{"href":"https:\/\/notiissa.mx\/index.php?rest_route=%2Fwp%2Fv2%2Fmedia&parent=27696"}],"wp:term":[{"taxonomy":"category","embeddable":true,"href":"https:\/\/notiissa.mx\/index.php?rest_route=%2Fwp%2Fv2%2Fcategories&post=27696"},{"taxonomy":"post_tag","embeddable":true,"href":"https:\/\/notiissa.mx\/index.php?rest_route=%2Fwp%2Fv2%2Ftags&post=27696"}],"curies":[{"name":"wp","href":"https:\/\/api.w.org\/{rel}","templated":true}]}}