{"id":27445,"date":"2020-08-07T15:34:04","date_gmt":"2020-08-07T15:34:04","guid":{"rendered":"http:\/\/notiissa.mx\/?p=27445"},"modified":"2020-08-07T15:34:05","modified_gmt":"2020-08-07T15:34:05","slug":"mexico-propone-una-aceleradora-de-patentes-y-desarrollos-tecnologicos-para-america-latina-y-el-caribe","status":"publish","type":"post","link":"https:\/\/notiissa.mx\/?p=27445","title":{"rendered":"M\u00e9xico propone una \u00abaceleradora de patentes y desarrollos tecnol\u00f3gicos\u00bb para Am\u00e9rica Latina y el Caribe"},"content":{"rendered":"\n<p> La inversi\u00f3n en desarrollo e innovaci\u00f3n tecnol\u00f3gica \u00abes un tema de vida o  muerte\u00bb para la regi\u00f3n, dijo el canciller mexicano, Marcelo Ebrard.    <\/p>\n\n\n\n<p>El ministro de Relaciones Exteriores de M\u00e9xico, Marcelo Ebrard,  propuso a\u00a0los rectores de las principales universidades de Am\u00e9rica  Latina y el Caribe la creaci\u00f3n de \u00abuna aceleradora de patentes y  desarrollos tecnol\u00f3gicos\u00bb para la regi\u00f3n,\u00a0en el marco de la pandemia  actual del nuevo coronavirus.<\/p>\n\n\n\n<p>La propuesta, seg\u00fan un comunicado  de la Secretar\u00eda de Exteriores mexicana, la present\u00f3 en\u00a0un foro de\u00a0la  Uni\u00f3n de Universidades de Am\u00e9rica Latina y el Caribe (UDUAL) y la  Comunidad de Estados Latinoamericanos y Caribe\u00f1os (CELAC), organismo  sobre el cual M\u00e9xico ejerce actualmente la presidencia pro tempore.<\/p>\n\n\n\n<p>De  acuerdo con el funcionario, la regi\u00f3n cuenta con instituciones  educativas de alto nivel \u2014que son los principales centros de  investigaci\u00f3n e innovaci\u00f3n y han hecho desarrollos durante la pandemia\u2014,  que, junto con todas las canciller\u00edas, podr\u00edan poner en marcha este  proyecto.\u00a0Mencion\u00f3\u00a0que la inversi\u00f3n en desarrollo e innovaci\u00f3n  tecnol\u00f3gica \u00abes un tema de vida o muerte\u00bb para la regi\u00f3n.<\/p>\n\n\n\n<p>\u00abQueremos que este sea un elemento central de la agenda regional [&#8230;]&nbsp;<strong>A mayor capacidad de producci\u00f3n cient\u00edfica-tecnol\u00f3gica, tendremos mayor posibilidad de reducir la pobreza<\/strong> y de que Am\u00e9rica Latina salga, junto con el Caribe, de la situaci\u00f3n actual\u00bb,&nbsp;explic\u00f3&nbsp;el canciller.<\/p>\n\n\n\n<h3 class=\"wp-block-heading\">\u00abTransferencia de conocimiento\u00bb<\/h3>\n\n\n\n<p>El\n rector de la Universidad Nacional Aut\u00f3noma de M\u00e9xico (UNAM), Enrique \nGraue Wiechers, dijo, por su parte, que \u00abla pandemia ha demostrado las \ncapacidades que tienen las instituciones educativas, ya que todas las \n\u00e1reas de salud y biotecnolog\u00eda han desarrollado herramientas para el \ndiagn\u00f3stico y detecci\u00f3n de coronavirus\u00bb.<\/p>\n\n\n\n<p>A\u00f1adi\u00f3 que en los centros\n de educaci\u00f3n superior \u00abse investiga y se trabaja permanentemente en \nnuevas detecciones de productos, particularmente en biosensores, \npruebas, entre otros\u00bb.<\/p>\n\n\n\n<p>Graue, adem\u00e1s, propuso\u00a0la creaci\u00f3n, a  trav\u00e9s de la UDUAL, de una \u00aboficina permanente latinoamericana de  transferencia de conocimiento y patentamiento\u00bb, mediante la cual se  aceleren los negocios para este tipo de patentes.<\/p>\n\n\n\n<p>RT<\/p>\n\n\n\n<p>   <\/p>\n","protected":false},"excerpt":{"rendered":"<p>La inversi\u00f3n en desarrollo e innovaci\u00f3n tecnol\u00f3gica \u00abes un tema de vida o muerte\u00bb para la regi\u00f3n, dijo el canciller mexicano, Marcelo Ebrard. El ministro de Relaciones Exteriores de M\u00e9xico, Marcelo Ebrard, propuso a\u00a0los rectores de las principales universidades de Am\u00e9rica Latina y el Caribe la creaci\u00f3n de \u00abuna aceleradora de patentes y desarrollos tecnol\u00f3gicos\u00bb [&hellip;]<\/p>\n","protected":false},"author":1,"featured_media":27446,"comment_status":"closed","ping_status":"closed","sticky":false,"template":"","format":"standard","meta":{"rop_custom_images_group":[],"rop_custom_messages_group":[],"rop_publish_now":"initial","rop_publish_now_accounts":[],"rop_publish_now_history":[],"rop_publish_now_status":"pending","footnotes":""},"categories":[75],"tags":[],"class_list":["post-27445","post","type-post","status-publish","format-standard","has-post-thumbnail","hentry","category-actualidad"],"_links":{"self":[{"href":"https:\/\/notiissa.mx\/index.php?rest_route=\/wp\/v2\/posts\/27445","targetHints":{"allow":["GET"]}}],"collection":[{"href":"https:\/\/notiissa.mx\/index.php?rest_route=\/wp\/v2\/posts"}],"about":[{"href":"https:\/\/notiissa.mx\/index.php?rest_route=\/wp\/v2\/types\/post"}],"author":[{"embeddable":true,"href":"https:\/\/notiissa.mx\/index.php?rest_route=\/wp\/v2\/users\/1"}],"replies":[{"embeddable":true,"href":"https:\/\/notiissa.mx\/index.php?rest_route=%2Fwp%2Fv2%2Fcomments&post=27445"}],"version-history":[{"count":1,"href":"https:\/\/notiissa.mx\/index.php?rest_route=\/wp\/v2\/posts\/27445\/revisions"}],"predecessor-version":[{"id":27447,"href":"https:\/\/notiissa.mx\/index.php?rest_route=\/wp\/v2\/posts\/27445\/revisions\/27447"}],"wp:featuredmedia":[{"embeddable":true,"href":"https:\/\/notiissa.mx\/index.php?rest_route=\/wp\/v2\/media\/27446"}],"wp:attachment":[{"href":"https:\/\/notiissa.mx\/index.php?rest_route=%2Fwp%2Fv2%2Fmedia&parent=27445"}],"wp:term":[{"taxonomy":"category","embeddable":true,"href":"https:\/\/notiissa.mx\/index.php?rest_route=%2Fwp%2Fv2%2Fcategories&post=27445"},{"taxonomy":"post_tag","embeddable":true,"href":"https:\/\/notiissa.mx\/index.php?rest_route=%2Fwp%2Fv2%2Ftags&post=27445"}],"curies":[{"name":"wp","href":"https:\/\/api.w.org\/{rel}","templated":true}]}}