{"id":26898,"date":"2020-07-22T22:45:19","date_gmt":"2020-07-22T22:45:19","guid":{"rendered":"http:\/\/notiissa.mx\/?p=26898"},"modified":"2020-07-22T22:45:21","modified_gmt":"2020-07-22T22:45:21","slug":"la-tormenta-tropical-gonzalo-se-forma-en-el-atlantico-y-se-dirige-hacia-el-caribe","status":"publish","type":"post","link":"https:\/\/notiissa.mx\/?p=26898","title":{"rendered":"La tormenta tropical Gonzalo se forma en el Atl\u00e1ntico y se dirige hacia el Caribe"},"content":{"rendered":"\n<p> Se espera que el fen\u00f3meno se fortalezca y se convierta en hurac\u00e1n el jueves.          <\/p>\n\n\n\n<p>La depresi\u00f3n tropical que se form\u00f3 el martes en el Atl\u00e1ntico Central  se fortaleci\u00f3 hasta convertirse este mi\u00e9rcoles en la tormenta tropical  Gonzalo, la s\u00e9ptima con nombre en gestarse en la zona en lo que va de  a\u00f1o, confirm\u00f3 el Centro Nacional de Huracanes de EE.UU. (NHC, por sus siglas en ingl\u00e9s).\u00a0<\/p>\n\n\n\n<p>Seg\u00fan la \u00faltima actualizaci\u00f3n del NHC, publicada por el organismo a las 15:00 GMT, la tormenta se  encontraba a unos 1.935 kil\u00f3metros al este de las islas de Barlovento,  en las Antillas Menores.\u00a0<\/p>\n\n\n\n<p>Con vientos sostenidos de hasta <strong>85 kil\u00f3metros por hora<\/strong>,\n Gonzalo avanza hacia el oeste a una velocidad de cerca de 22 kil\u00f3metros\n por hora. El Centro pronostica que la tormenta se fortalecer\u00e1 y \nprobablemente se convierta en hurac\u00e1n el jueves.<\/p>\n\n\n\n<p>De momento, no  hay alertas costeras ni advertencias vigentes, pero el NHC recomienda a  las islas de Barlovento monitorear el progreso de la tormenta.<\/p>\n\n\n\n<p>RT<\/p>\n\n\n\n<p>    <\/p>\n","protected":false},"excerpt":{"rendered":"<p>Se espera que el fen\u00f3meno se fortalezca y se convierta en hurac\u00e1n el jueves. La depresi\u00f3n tropical que se form\u00f3 el martes en el Atl\u00e1ntico Central se fortaleci\u00f3 hasta convertirse este mi\u00e9rcoles en la tormenta tropical Gonzalo, la s\u00e9ptima con nombre en gestarse en la zona en lo que va de a\u00f1o, confirm\u00f3 el Centro [&hellip;]<\/p>\n","protected":false},"author":1,"featured_media":26899,"comment_status":"open","ping_status":"open","sticky":false,"template":"","format":"standard","meta":{"rop_custom_images_group":[],"rop_custom_messages_group":[],"rop_publish_now":"initial","rop_publish_now_accounts":[],"rop_publish_now_history":[],"rop_publish_now_status":"pending","footnotes":""},"categories":[75],"tags":[],"class_list":["post-26898","post","type-post","status-publish","format-standard","has-post-thumbnail","hentry","category-actualidad"],"_links":{"self":[{"href":"https:\/\/notiissa.mx\/index.php?rest_route=\/wp\/v2\/posts\/26898","targetHints":{"allow":["GET"]}}],"collection":[{"href":"https:\/\/notiissa.mx\/index.php?rest_route=\/wp\/v2\/posts"}],"about":[{"href":"https:\/\/notiissa.mx\/index.php?rest_route=\/wp\/v2\/types\/post"}],"author":[{"embeddable":true,"href":"https:\/\/notiissa.mx\/index.php?rest_route=\/wp\/v2\/users\/1"}],"replies":[{"embeddable":true,"href":"https:\/\/notiissa.mx\/index.php?rest_route=%2Fwp%2Fv2%2Fcomments&post=26898"}],"version-history":[{"count":1,"href":"https:\/\/notiissa.mx\/index.php?rest_route=\/wp\/v2\/posts\/26898\/revisions"}],"predecessor-version":[{"id":26900,"href":"https:\/\/notiissa.mx\/index.php?rest_route=\/wp\/v2\/posts\/26898\/revisions\/26900"}],"wp:featuredmedia":[{"embeddable":true,"href":"https:\/\/notiissa.mx\/index.php?rest_route=\/wp\/v2\/media\/26899"}],"wp:attachment":[{"href":"https:\/\/notiissa.mx\/index.php?rest_route=%2Fwp%2Fv2%2Fmedia&parent=26898"}],"wp:term":[{"taxonomy":"category","embeddable":true,"href":"https:\/\/notiissa.mx\/index.php?rest_route=%2Fwp%2Fv2%2Fcategories&post=26898"},{"taxonomy":"post_tag","embeddable":true,"href":"https:\/\/notiissa.mx\/index.php?rest_route=%2Fwp%2Fv2%2Ftags&post=26898"}],"curies":[{"name":"wp","href":"https:\/\/api.w.org\/{rel}","templated":true}]}}