{"id":26741,"date":"2020-07-20T01:09:47","date_gmt":"2020-07-20T01:09:47","guid":{"rendered":"http:\/\/notiissa.mx\/?p=26741"},"modified":"2020-07-20T01:09:49","modified_gmt":"2020-07-20T01:09:49","slug":"llama-salud-a-ponerse-las-pilas-para-frenar-el-covid-19","status":"publish","type":"post","link":"https:\/\/notiissa.mx\/?p=26741","title":{"rendered":"Llama Salud a \u00abponerse las pilas\u00bb para frenar el COVID-19"},"content":{"rendered":"\n<p>Chihuahua.- El subdirector de Epidemiolog\u00eda, Gumaro Barrios, advierte que la cantidad de pacientes y defunciones por la enfermedad causada por el coronavirus 2, son una realidad que solo se podr\u00e1 revertir con el compromiso de cada persona: \u201ces momento de dar todo de nosotras y nosotros mismos\u201d<\/p>\n\n\n\n<p>Ante el incremento de contagios de\nCOVID-19 y la ocupaci\u00f3n hospitalaria registrados en el estado, el subdirector\nde Epidemiolog\u00eda de la Secretar\u00eda de Salud Chihuahua, Gumaro Barrios Gallegos, llam\u00f3\na toda la poblaci\u00f3n para comprometerse en respetar las medidas preventivas. <\/p>\n\n\n\n<p>\u201cComo decimos en el argot, todos como\nsociedad tenemos que ponernos las pilas, ponernos al cien, porque de lo\ncontrario los efectos en la salud ser\u00e1n muy complicados\u201d, alert\u00f3.<\/p>\n\n\n\n<p>Indic\u00f3 que una muerte no tiene precio, y\na veces se ve como algo lejano a nosotras y nosotros mismos, pero la realidad\nes est\u00e1 muriendo gente y eso es irremediable: \u201ccon una vida que salvemos, ya es\nmuch\u00edsima la ganancia, y si la sociedad participa al quedarse en casa, se salvan\ndecenas o cientos de vidas\u201d.<\/p>\n\n\n\n<p>Por ello, es momento de que la poblaci\u00f3n\nde todo de s\u00ed misma, por la salud individual, de la familia y la comunidad para\nque nadie enferme ni muera, se\u00f1al\u00f3.<\/p>\n\n\n\n<p>Gumaro Barrillos observ\u00f3 que tambi\u00e9n es\nmuy importante acudir a solicitar atenci\u00f3n m\u00e9dica de inmediato, pues de no\ndisminuir la incidencia significar\u00e1 que las y los chihuahuenses no se aplicaron\nen cortar las cadenas de transmisi\u00f3n.<\/p>\n\n\n\n<p>\u201cSi yo me cuido, cuido a mi familia, a\nmi colonia y a toda la sociedad, para disminuir la pandemia, de tal manera que\nno mella en nuestras vidas. Por ello, hoy m\u00e1s que nunca, hagamos el m\u00e1ximo\nesfuerzo por hacer las cosas de la mejor manera\u201d, dijo.<\/p>\n\n\n\n<p>Por lo anterior, reiter\u00f3 el llamado a disminuir\nla movilidad y quedarse en casa, como parte de las estrategias que evitan la\npropagaci\u00f3n del coronavirus.<\/p>\n\n\n\n<p>Leticia Ruiz Gonz\u00e1lez, subdirectora de\nMedicina Preventiva y Promoci\u00f3n de la Salud, agreg\u00f3 al respecto que si bien las\npandemias se combaten desde la salud p\u00fablica, es la acci\u00f3n comunitaria la que\nreducir\u00e1 o incrementar\u00e1 las estad\u00edsticas de la pandemia. <\/p>\n\n\n\n<p>\u201cEsa articulaci\u00f3n organizada de Municipio,\ncomunidad, familias, grupos, l\u00edderes, que logren generar una organizaci\u00f3n\nsuficiente para combatir con las medidas preventivas, es la que lograr\u00e1 un\nefecto contundente para realmente combatirla\u201d, afirm\u00f3.<\/p>\n\n\n\n<p>De igual manera pidi\u00f3 acentuar y\nredoblar esfuerzos durante la semana que viene, pues Chihuahua sigue en\nposibilidades de retroceder del sem\u00e1foro naranja al rojo, y si eso ocurre, se\npodr\u00eda permanecer en rojo durante varias semanas continuas y causar\u00eda un \u201cgran\nproblema pol\u00edtico, social y de salud\u201d.<\/p>\n\n\n\n<p>\u201cHacemos un llamado a nuestros\npresidentes municipales, a la comunidad con sus l\u00edderes de colonia y l\u00edderes de\nfamilia, para que act\u00faen hoy, para que el d\u00eda de ma\u00f1ana sea mejor, porque de lo\ncontrario, llegaremos a un n\u00famero de semanas en rojo. \u00a1Chihuahua puede hacerlo!\n\u00a1Podemos hacerlo! \u00a1Llev\u00e9moslo a los hechos! \u00a1Llev\u00e9moslo a una acci\u00f3n\ncomunitaria contundente!\u201d, expres\u00f3 la funcionaria.<\/p>\n","protected":false},"excerpt":{"rendered":"<p>Chihuahua.- El subdirector de Epidemiolog\u00eda, Gumaro Barrios, advierte que la cantidad de pacientes y defunciones por la enfermedad causada por el coronavirus 2, son una realidad que solo se podr\u00e1 revertir con el compromiso de cada persona: \u201ces momento de dar todo de nosotras y nosotros mismos\u201d Ante el incremento de contagios de COVID-19 y [&hellip;]<\/p>\n","protected":false},"author":1,"featured_media":26742,"comment_status":"open","ping_status":"open","sticky":false,"template":"","format":"standard","meta":{"rop_custom_images_group":[],"rop_custom_messages_group":[],"rop_publish_now":"initial","rop_publish_now_accounts":[],"rop_publish_now_history":[],"rop_publish_now_status":"pending","footnotes":""},"categories":[72],"tags":[23],"class_list":["post-26741","post","type-post","status-publish","format-standard","has-post-thumbnail","hentry","category-estado","tag-destacado"],"_links":{"self":[{"href":"https:\/\/notiissa.mx\/index.php?rest_route=\/wp\/v2\/posts\/26741","targetHints":{"allow":["GET"]}}],"collection":[{"href":"https:\/\/notiissa.mx\/index.php?rest_route=\/wp\/v2\/posts"}],"about":[{"href":"https:\/\/notiissa.mx\/index.php?rest_route=\/wp\/v2\/types\/post"}],"author":[{"embeddable":true,"href":"https:\/\/notiissa.mx\/index.php?rest_route=\/wp\/v2\/users\/1"}],"replies":[{"embeddable":true,"href":"https:\/\/notiissa.mx\/index.php?rest_route=%2Fwp%2Fv2%2Fcomments&post=26741"}],"version-history":[{"count":1,"href":"https:\/\/notiissa.mx\/index.php?rest_route=\/wp\/v2\/posts\/26741\/revisions"}],"predecessor-version":[{"id":26743,"href":"https:\/\/notiissa.mx\/index.php?rest_route=\/wp\/v2\/posts\/26741\/revisions\/26743"}],"wp:featuredmedia":[{"embeddable":true,"href":"https:\/\/notiissa.mx\/index.php?rest_route=\/wp\/v2\/media\/26742"}],"wp:attachment":[{"href":"https:\/\/notiissa.mx\/index.php?rest_route=%2Fwp%2Fv2%2Fmedia&parent=26741"}],"wp:term":[{"taxonomy":"category","embeddable":true,"href":"https:\/\/notiissa.mx\/index.php?rest_route=%2Fwp%2Fv2%2Fcategories&post=26741"},{"taxonomy":"post_tag","embeddable":true,"href":"https:\/\/notiissa.mx\/index.php?rest_route=%2Fwp%2Fv2%2Ftags&post=26741"}],"curies":[{"name":"wp","href":"https:\/\/api.w.org\/{rel}","templated":true}]}}