{"id":26729,"date":"2020-07-20T00:13:07","date_gmt":"2020-07-20T00:13:07","guid":{"rendered":"http:\/\/notiissa.mx\/?p=26729"},"modified":"2020-07-20T00:13:08","modified_gmt":"2020-07-20T00:13:08","slug":"exigimos-un-alto-a-la-represion-del-gobierno-federal-vs-los-productores-rocio-reza","status":"publish","type":"post","link":"https:\/\/notiissa.mx\/?p=26729","title":{"rendered":"\u00abExigimos un alto a la represi\u00f3n del gobierno federal vs los productores\u00bb: Roc\u00edo Reza"},"content":{"rendered":"\n<p>&#8211;<br>Chihuahua.-  Los conflictos que llegaron incluso a la \u00a0violencia ocurrida en la zona  centro sur del estado es responsabilidad del Gobierno Federal, su falta  de voluntad e incapacidad para resolver de manera favorable a la  demanda de los productores de Chihuahua, \u00a0que piden el cese de la  extracci\u00f3n de agua de las presas locales.<\/p>\n\n\n\n<p>La presidenta  estatal del PAN hizo un llamado al gobierno federal para exigir un alto a  la represi\u00f3n contra los productores de Chihuahua, que se han visto  amenazados por la guardia nacional cada vez que se realiza un operativo  para la apertura de las presas.\u00a0<\/p>\n\n\n\n<p>La poca capacidad de  negociaci\u00f3n y la cerraz\u00f3n del Gobierno Federal para cumplir a las  demandas del sector campesino provocaronel enojo nuevamente de los  productores de la regi\u00f3n centro-sur del estado por la inminente apertura  de la presa Francisco I. Madero \u201cLas V\u00edrgenes\u201d, lo que provoc\u00f3 un  enfrentamiento e incluso el ataque con gas lacrim\u00f3geno y balas de goma  contra agricultores chihuahuense.<\/p>\n\n\n\n<p>\u201cExigimos un alto a la  represi\u00f3n contra los productores chihuahuenses, hab\u00edamos advertido sobre  la responsabilidad de la federaci\u00f3n sobre los enfrentamientos que  pudieran ocurrir por la extracci\u00f3n de agua que pone en riesgo el actual  ciclo agr\u00edcola; por medio de nuestros legisladores seremos incansables  en defender los derechos de los campesinos\u201d se\u00f1al\u00f3 Reza Gallegos.<\/p>\n\n\n\n<p>En  Acci\u00f3n Nacional seguiremos pugnando por el bienestar del sector  agr\u00edcola por medio de nuestros legisladores locales y federales, nos  sumaremos a cualquier mesa de di\u00e1logo que pretenda llevar a una  discusi\u00f3n seria que tenga como objetivo generar mejores condiciones para  los trabajadores del campo. <\/p>\n\n\n\n<p>Por su parte el gobierno del estado anunci\u00f3 que se lleg\u00f3 a los acuerdos que replicamos a continuaci\u00f3n:\u00a0<\/p>\n\n\n\n<p>1.- Que se ha llegado al acuerdo de no extraer ninguna cantidad de agua de la presa.<br>2.-  Que la Comisi\u00f3n Nacional del Agua (Conagua) y la Asociaci\u00f3n de Usuarios  de Riego del Estado de Chihuahua (Aurech) habr\u00e1n de reanudar las  negociaciones a partir del pr\u00f3ximo martes hasta llegar a un acuerdo, con  la presencia del Gobierno del Estado como testigo.<\/p>\n\n\n\n<p>3.- El Gobierno del Estado hace un llamado a la tranquilidad y al di\u00e1logo.4.-Exhortamos  a todos los productores del estado de Chihuahua a mantener las v\u00edas  abiertas del di\u00e1logo y la negociaci\u00f3n, y no dar pie a la intervenci\u00f3n de  las fuerzas de seguridad federales. <\/p>\n","protected":false},"excerpt":{"rendered":"<p>&#8211;Chihuahua.- Los conflictos que llegaron incluso a la \u00a0violencia ocurrida en la zona centro sur del estado es responsabilidad del Gobierno Federal, su falta de voluntad e incapacidad para resolver de manera favorable a la demanda de los productores de Chihuahua, \u00a0que piden el cese de la extracci\u00f3n de agua de las presas locales. La [&hellip;]<\/p>\n","protected":false},"author":1,"featured_media":26730,"comment_status":"open","ping_status":"open","sticky":false,"template":"","format":"standard","meta":{"rop_custom_images_group":[],"rop_custom_messages_group":[],"rop_publish_now":"initial","rop_publish_now_accounts":[],"rop_publish_now_history":[],"rop_publish_now_status":"pending","footnotes":""},"categories":[72],"tags":[23],"class_list":["post-26729","post","type-post","status-publish","format-standard","has-post-thumbnail","hentry","category-estado","tag-destacado"],"_links":{"self":[{"href":"https:\/\/notiissa.mx\/index.php?rest_route=\/wp\/v2\/posts\/26729","targetHints":{"allow":["GET"]}}],"collection":[{"href":"https:\/\/notiissa.mx\/index.php?rest_route=\/wp\/v2\/posts"}],"about":[{"href":"https:\/\/notiissa.mx\/index.php?rest_route=\/wp\/v2\/types\/post"}],"author":[{"embeddable":true,"href":"https:\/\/notiissa.mx\/index.php?rest_route=\/wp\/v2\/users\/1"}],"replies":[{"embeddable":true,"href":"https:\/\/notiissa.mx\/index.php?rest_route=%2Fwp%2Fv2%2Fcomments&post=26729"}],"version-history":[{"count":1,"href":"https:\/\/notiissa.mx\/index.php?rest_route=\/wp\/v2\/posts\/26729\/revisions"}],"predecessor-version":[{"id":26731,"href":"https:\/\/notiissa.mx\/index.php?rest_route=\/wp\/v2\/posts\/26729\/revisions\/26731"}],"wp:featuredmedia":[{"embeddable":true,"href":"https:\/\/notiissa.mx\/index.php?rest_route=\/wp\/v2\/media\/26730"}],"wp:attachment":[{"href":"https:\/\/notiissa.mx\/index.php?rest_route=%2Fwp%2Fv2%2Fmedia&parent=26729"}],"wp:term":[{"taxonomy":"category","embeddable":true,"href":"https:\/\/notiissa.mx\/index.php?rest_route=%2Fwp%2Fv2%2Fcategories&post=26729"},{"taxonomy":"post_tag","embeddable":true,"href":"https:\/\/notiissa.mx\/index.php?rest_route=%2Fwp%2Fv2%2Ftags&post=26729"}],"curies":[{"name":"wp","href":"https:\/\/api.w.org\/{rel}","templated":true}]}}