{"id":26673,"date":"2020-07-17T18:52:20","date_gmt":"2020-07-17T18:52:20","guid":{"rendered":"http:\/\/notiissa.mx\/?p=26673"},"modified":"2020-07-17T18:52:21","modified_gmt":"2020-07-17T18:52:21","slug":"anuncia-amlo-que-los-puertos-y-aduanas-de-mexico-seran-controlados-por-el-ejercito-y-la-marina","status":"publish","type":"post","link":"https:\/\/notiissa.mx\/?p=26673","title":{"rendered":"Anuncia AMLO que los puertos y  aduanas de M\u00e9xico ser\u00e1n controlados por el Ej\u00e9rcito y la Marina"},"content":{"rendered":"\n<p>La medida fue tomada para impedir el tr\u00e1fico de drogas y la corrupci\u00f3n en el sector.   <\/p>\n\n\n\n<p>El presidente de M\u00e9xico,\u00a0Andr\u00e9s Manuel L\u00f3pez Obrador, inform\u00f3 este  viernes que las Secretar\u00edas de Defensa Nacional y de Marina tomar\u00e1n el  control de los puertos y las aduanas del pa\u00eds, para combatir el tr\u00e1fico  de drogas y la corrupci\u00f3n.\u00a0<\/p>\n\n\n\n<p>\u00abHemos tomado la decisi\u00f3n, acabo de  darlo a conocer, de que las aduanas terrestres y mar\u00edtimas van a estar a  cargo de elementos de la Secretar\u00eda de la Defensa y de Marina, y lo  mismo en\u00a0el caso de los puertos del pa\u00eds, para que haya seguridad y\u00a0<strong>se evite la introducci\u00f3n de drogas<\/strong>\u00ab, explic\u00f3 en\u00a0su conferencia matutina de este viernes 17 de julio, realizada en el\u00a0estado de Colima.\u00a0<\/p>\n\n\n\n<p>La noticia se dio a conocer durante la presencia de L\u00f3pez Obrador en el puerto de <strong>Manzanillo<\/strong>, uno de los lugares por donde entran m\u00e1s <strong>precursores qu\u00edmicos<\/strong>\u00a0para la fabricaci\u00f3n de drogas sint\u00e9ticas como fentanilo, un punto clave para las organizaciones dedicadas al narcotr\u00e1fico, tal como ocurre con el <strong>C\u00e1rtel Jalisco Nueva Generaci\u00f3n<\/strong>.<\/p>\n\n\n\n<p>\u00abEsto  explica por qu\u00e9 los atentados, los homicidios en Colima y en otras  partes del pa\u00eds. Vamos a actuar renovando, limpiando todos los sistemas  de puertos y aduanas del pa\u00eds\u00bb, se\u00f1al\u00f3 el mandatario.\u00a0<\/p>\n\n\n\n<p>La determinaci\u00f3n se tom\u00f3 tras una reuni\u00f3n de seguridad realizada en \nColima, y en que&nbsp;participaron los secretarios de la Defensa Nacional, \nLuis Cresencio Sandoval; el secretario de la Marina, Rafael Ojeda; el \ntitular de la Unidad de&nbsp;Inteligencia Financiera, Santiago Nieto y \nHoracio Duarte, director de Aduanas.<\/p>\n\n\n\n<p>Duarte se\u00f1al\u00f3 que aunque&nbsp;las \nFuerzas Armadas asumir\u00e1n el control de puertos y aduanas, se mantendr\u00e1n \nlos objetivos de recaudaci\u00f3n. El sistema aduanero representa <strong>ingresos por 900.000 millones de pesos anuales<\/strong> (40.075 millones de d\u00f3lares) para el pa\u00eds.&nbsp;<\/p>\n\n\n\n<p>Los\n militares designados al control de las aduanas pasar\u00e1n&nbsp;al servicio \ncivil.&nbsp;L\u00f3pez Obrador ha reconocido&nbsp;que su administraci\u00f3n ha&nbsp;tenido \ndificultades para erradicar&nbsp;la corrupci\u00f3n en ese&nbsp;sector.&nbsp;<\/p>\n\n\n\n<p><\/p>\n\n\n\n<p>RT<\/p>\n\n\n\n<p>          <\/p>\n","protected":false},"excerpt":{"rendered":"<p>La medida fue tomada para impedir el tr\u00e1fico de drogas y la corrupci\u00f3n en el sector. El presidente de M\u00e9xico,\u00a0Andr\u00e9s Manuel L\u00f3pez Obrador, inform\u00f3 este viernes que las Secretar\u00edas de Defensa Nacional y de Marina tomar\u00e1n el control de los puertos y las aduanas del pa\u00eds, para combatir el tr\u00e1fico de drogas y la corrupci\u00f3n.\u00a0 [&hellip;]<\/p>\n","protected":false},"author":1,"featured_media":26674,"comment_status":"open","ping_status":"open","sticky":false,"template":"","format":"standard","meta":{"rop_custom_images_group":[],"rop_custom_messages_group":[],"rop_publish_now":"initial","rop_publish_now_accounts":[],"rop_publish_now_history":[],"rop_publish_now_status":"pending","footnotes":""},"categories":[75],"tags":[23],"class_list":["post-26673","post","type-post","status-publish","format-standard","has-post-thumbnail","hentry","category-actualidad","tag-destacado"],"_links":{"self":[{"href":"https:\/\/notiissa.mx\/index.php?rest_route=\/wp\/v2\/posts\/26673","targetHints":{"allow":["GET"]}}],"collection":[{"href":"https:\/\/notiissa.mx\/index.php?rest_route=\/wp\/v2\/posts"}],"about":[{"href":"https:\/\/notiissa.mx\/index.php?rest_route=\/wp\/v2\/types\/post"}],"author":[{"embeddable":true,"href":"https:\/\/notiissa.mx\/index.php?rest_route=\/wp\/v2\/users\/1"}],"replies":[{"embeddable":true,"href":"https:\/\/notiissa.mx\/index.php?rest_route=%2Fwp%2Fv2%2Fcomments&post=26673"}],"version-history":[{"count":1,"href":"https:\/\/notiissa.mx\/index.php?rest_route=\/wp\/v2\/posts\/26673\/revisions"}],"predecessor-version":[{"id":26675,"href":"https:\/\/notiissa.mx\/index.php?rest_route=\/wp\/v2\/posts\/26673\/revisions\/26675"}],"wp:featuredmedia":[{"embeddable":true,"href":"https:\/\/notiissa.mx\/index.php?rest_route=\/wp\/v2\/media\/26674"}],"wp:attachment":[{"href":"https:\/\/notiissa.mx\/index.php?rest_route=%2Fwp%2Fv2%2Fmedia&parent=26673"}],"wp:term":[{"taxonomy":"category","embeddable":true,"href":"https:\/\/notiissa.mx\/index.php?rest_route=%2Fwp%2Fv2%2Fcategories&post=26673"},{"taxonomy":"post_tag","embeddable":true,"href":"https:\/\/notiissa.mx\/index.php?rest_route=%2Fwp%2Fv2%2Ftags&post=26673"}],"curies":[{"name":"wp","href":"https:\/\/api.w.org\/{rel}","templated":true}]}}