{"id":26650,"date":"2020-07-17T01:51:54","date_gmt":"2020-07-17T01:51:54","guid":{"rendered":"http:\/\/notiissa.mx\/?p=26650"},"modified":"2020-07-17T01:51:57","modified_gmt":"2020-07-17T01:51:57","slug":"esperan-inmunidad-a-largo-plazo-de-covid-19-tras-detectar-celulas-esenciales-contra-el-sars","status":"publish","type":"post","link":"https:\/\/notiissa.mx\/?p=26650","title":{"rendered":"Esperan inmunidad a largo plazo de covid-19 tras detectar c\u00e9lulas esenciales contra el SARS"},"content":{"rendered":"\n<p>Tambi\u00e9n sometieron a pruebas a varias personas que no se hab\u00edan  infectado ni con el SARS ni con el nuevo coronavirus, y m\u00e1s de la mitad  presentaban las c\u00e9lulas espec\u00edficas para la lucha del organismo contra  el SARS-CoV-2.      <\/p>\n\n\n\n<p> Un grupo de investigadores determin\u00f3 que algunas de las personas  infectadas con el s\u00edndrome respiratorio agudo grave\u00a0(SARS) en 2003  todav\u00eda poseen c\u00e9lulas-T, cruciales para la lucha contra infecciones, y  sugirieron que los recuperados del covid-19 tambi\u00e9n tendr\u00e1n una  inmunidad de largo plazo.<\/p>\n\n\n\n<p>\u00abLas c\u00e9lulas-T, junto con los anticuerpos, son <strong>una parte integral de la respuesta inmune humana<\/strong> contra las infecciones virales debido a su capacidad de atacar directamente y matar a las c\u00e9lulas infectadas\u00bb, reza un comunicado del Duke-NUS Medical School\u00a0de Singapur, que realiz\u00f3 este estudio en colaboraci\u00f3n con otras instituciones educativas del pa\u00eds.<\/p>\n\n\n\n<p>Durante la investigaci\u00f3n, cuyos resultados fueron publicados  este 15 de julio en la revista Nature, los cient\u00edficos sometieron a una  prueba a algunas personas que se recuperaron del covid-19 y en todas  ellas detectaron dichas c\u00e9lulas, lo \u00abque sugiere que las c\u00e9lulas-T  desempe\u00f1an un papel importante en la infecci\u00f3n\u00bb. Asimismo, el equipo  determin\u00f3 que 23 \u00abpacientes que se recuperaron del SARS hace 17 a\u00f1os,  despu\u00e9s del brote\u00a0de 2003, todav\u00eda poseen la memoria espec\u00edfica para el  virus de las c\u00e9lulas-T y mostraron inmunidad cruzada al SARS-CoV-2\u00bb,  indicaron los cient\u00edficos.<\/p>\n\n\n\n<p>En el estudio participaron tambi\u00e9n 37 personas que no se hab\u00edan \ninfectado ni con el SARS ni con el nuevo coronavirus,&nbsp; 19 de las cuales \npresentaban las c\u00e9lulas-T espec\u00edficas para el SARS-CoV-2.&nbsp;De acuerdo con\n el profesor Antonio Bertoletti, este hecho puede&nbsp;deberse \u00aba la \ninmunidad cruzada obtenida de la <strong>exposici\u00f3n a otros coronavirus<\/strong>, como los que causan el resfriado com\u00fan o coronavirus de animales actualmente desconocidos\u00bb.<\/p>\n\n\n\n<p>\u00abEstos\n resultados demuestran que las c\u00e9lulas-T espec\u00edficas para el virus \ninducidas por la infecci\u00f3n de betacoronavirus son de larga duraci\u00f3n, \napoyando la noci\u00f3n de que <strong>los pacientes con el covid-19 desarrollar\u00e1n la inmunidad de c\u00e9lulas-T de largo plazo<\/strong>\u00ab, destaca el texto.<\/p>\n\n\n\n<p>Seg\u00fan  la profesora adjunta\u00a0Tan Yee Joo, el equipo ya ha iniciado las  investigaciones para determinar si la inmunidad de los recuperados del  covid-19 se mantiene durante un\u00a0per\u00edodo prolongado de tiempo. La  informaci\u00f3n ser\u00e1 muy importante para el desarrollo de una vacuna y \u00abpara  responder a las preguntas sobre la\u00a0reinfecci\u00f3n\u00bb, destac\u00f3.<\/p>\n\n\n\n<p>RT<\/p>\n\n\n\n<p>     <\/p>\n","protected":false},"excerpt":{"rendered":"<p>Tambi\u00e9n sometieron a pruebas a varias personas que no se hab\u00edan infectado ni con el SARS ni con el nuevo coronavirus, y m\u00e1s de la mitad presentaban las c\u00e9lulas espec\u00edficas para la lucha del organismo contra el SARS-CoV-2. Un grupo de investigadores determin\u00f3 que algunas de las personas infectadas con el s\u00edndrome respiratorio agudo grave\u00a0(SARS) [&hellip;]<\/p>\n","protected":false},"author":1,"featured_media":26651,"comment_status":"open","ping_status":"open","sticky":false,"template":"","format":"standard","meta":{"rop_custom_images_group":[],"rop_custom_messages_group":[],"rop_publish_now":"initial","rop_publish_now_accounts":[],"rop_publish_now_history":[],"rop_publish_now_status":"pending","footnotes":""},"categories":[71],"tags":[],"class_list":["post-26650","post","type-post","status-publish","format-standard","has-post-thumbnail","hentry","category-salud"],"_links":{"self":[{"href":"https:\/\/notiissa.mx\/index.php?rest_route=\/wp\/v2\/posts\/26650","targetHints":{"allow":["GET"]}}],"collection":[{"href":"https:\/\/notiissa.mx\/index.php?rest_route=\/wp\/v2\/posts"}],"about":[{"href":"https:\/\/notiissa.mx\/index.php?rest_route=\/wp\/v2\/types\/post"}],"author":[{"embeddable":true,"href":"https:\/\/notiissa.mx\/index.php?rest_route=\/wp\/v2\/users\/1"}],"replies":[{"embeddable":true,"href":"https:\/\/notiissa.mx\/index.php?rest_route=%2Fwp%2Fv2%2Fcomments&post=26650"}],"version-history":[{"count":1,"href":"https:\/\/notiissa.mx\/index.php?rest_route=\/wp\/v2\/posts\/26650\/revisions"}],"predecessor-version":[{"id":26652,"href":"https:\/\/notiissa.mx\/index.php?rest_route=\/wp\/v2\/posts\/26650\/revisions\/26652"}],"wp:featuredmedia":[{"embeddable":true,"href":"https:\/\/notiissa.mx\/index.php?rest_route=\/wp\/v2\/media\/26651"}],"wp:attachment":[{"href":"https:\/\/notiissa.mx\/index.php?rest_route=%2Fwp%2Fv2%2Fmedia&parent=26650"}],"wp:term":[{"taxonomy":"category","embeddable":true,"href":"https:\/\/notiissa.mx\/index.php?rest_route=%2Fwp%2Fv2%2Fcategories&post=26650"},{"taxonomy":"post_tag","embeddable":true,"href":"https:\/\/notiissa.mx\/index.php?rest_route=%2Fwp%2Fv2%2Ftags&post=26650"}],"curies":[{"name":"wp","href":"https:\/\/api.w.org\/{rel}","templated":true}]}}