{"id":26644,"date":"2020-07-17T01:30:22","date_gmt":"2020-07-17T01:30:22","guid":{"rendered":"http:\/\/notiissa.mx\/?p=26644"},"modified":"2020-07-17T01:30:23","modified_gmt":"2020-07-17T01:30:23","slug":"se-debe-relanzar-la-jornada-de-sana-distancia-jc","status":"publish","type":"post","link":"https:\/\/notiissa.mx\/?p=26644","title":{"rendered":"\u00abSe debe relanzar la jornada de sana distancia\u00bb: JC"},"content":{"rendered":"\n<p>Chihuahua.- Al participar como panelista en el foro virtual \u201cLa crisis actual, perspectivas de los estados\u201d  el gobernador de Chihuahua Javier Corral destac\u00f3 la prioridad de privilegiar la salud y reorientar recursos propios para atender la doble crisis, sanitaria y econ\u00f3mica, derivada de la pandemia de COVID-19.<\/p>\n\n\n\n<p>\u201cLo que tenemos\nque hacer es un&nbsp;gran relanzamiento de la jornada de sana distancia, que ha\ntenido diversas etapas, que ha tenido incluso errores narrativos muy delicados,\nmuy graves\u201d, destac\u00f3.<\/p>\n\n\n\n<p>El mandatario\nchihuahuense particip\u00f3 en el foro con sus hom\u00f3logos de Puebla, Miguel Barbosa y\nde Oaxaca, Alejandro Murat, en un panel moderado por el periodista Pablo\nHiriart, v\u00eda Zoom.<\/p>\n\n\n\n<p>Ante la\ndisyuntiva planteada de confinar m\u00e1s la movilidad urbana, con los graves\nriesgos econ\u00f3micos que ello implica o acelerar la reapertura de actividades\nproductivas, con impacto en los contagios, Javier Corral se\u00f1al\u00f3 que se debe\nprivilegiar salvar vidas y reorientar recursos propios para evitar un colapso\necon\u00f3mico. <\/p>\n\n\n\n<p>\u201cTenemos que\nconvocar a la sociedad a un esfuerzo de mucha disciplina, de mucha conciencia,\nde mucha solidaridad. Y es muy importante que los actores pol\u00edticos generen una\ncorrecta narrativa, a trav\u00e9s de conductas personales\u201d, coment\u00f3.<\/p>\n\n\n\n<p>Record\u00f3 que en\nlos errores de la narrativa manejada a nivel federal, el proceso de reapertura,\ngradual o paulatino de actividades econ\u00f3micas, sociales, laborales, culturales\ny recreativas, se interpret\u00f3 como el fin de la jornada de sana distancia.<\/p>\n\n\n\n<p>Destac\u00f3 que en\nrealidad lo que se buscaba era mantener una serie de medidas de higiene\npersonal, de orientaci\u00f3n, de educaci\u00f3n para mitigar la creciente movilidad y la\ncreciente presencia de personas en la calle, para reducir los contagios de\nCOVID-19. <\/p>\n\n\n\n<p>El titular del\nEjecutivo estatal consider\u00f3 el uso de cubrebocas como un elemento indispensable\ne insustituible para combatir los niveles y la velocidad de la transmisi\u00f3n del\nvirus. <\/p>\n\n\n\n<p>Agreg\u00f3 que la\nhigiene personal permanente es una simple, pero trascendente medida para&nbsp; bajar las formas de diseminaci\u00f3n del virus.<\/p>\n\n\n\n<p>Reflexion\u00f3 que\nvolver a cerrar todo implicar\u00eda un impacto mayor a una econom\u00eda que ya est\u00e1\nseriamente afectada, por lo que ser\u00eda muy dif\u00edcil regresar a las estrictas\nrestricciones que se plantearon en los meses de abril y de mayo.<\/p>\n\n\n\n<p>Dijo que la\ngente est\u00e1 muy cansada y no se puede mantener permanentemente confinada, como\ntampoco se puede cerrar la econom\u00eda de manera permanente.<\/p>\n\n\n\n<p>Explic\u00f3 que en\nla reuni\u00f3n de la Alianza Federalista por M\u00e9xico realizada en Durango, se acord\u00f3\nrelanzar una campa\u00f1a de concientizaci\u00f3n, de corresponsabilidad social para\ngenerar una aut\u00e9ntica sana distancia.<\/p>\n\n\n\n<p>A\u00f1adi\u00f3 que\ntambi\u00e9n lograron el acuerdo de incrementar considerable el n\u00famero de pruebas\ndiagn\u00f3sticas para una detecci\u00f3n oportuna de COVID-19 y un seguimiento\nepidemiol\u00f3gico adecuado en casos sospechosos l\u00edneas de contacto, entre otras\nmedidas.<\/p>\n\n\n\n<p>Javier Corral\nresalt\u00f3 que Chihuahua ha realizado un&nbsp;\nesfuerzo totalmente propio en el sistema de salud, ya que desde marzo se\nsupo que no se contar\u00eda&nbsp; con ning\u00fan apoyo\nextraordinario del Gobierno Federal para enfrentar la circunstancia de la\npandemia.<\/p>\n\n\n\n<p>\u201cNosotros hemos\ninvertido, en ampliaci\u00f3n de infraestructura, requipamiento, compra de equipo,\nventiladores, monitores, pruebas, materiales de curaci\u00f3n, medicamentos, m\u00e1s de\n600 millones de pesos, solo en el Sector Salud\u201d, indic\u00f3. <\/p>\n\n\n\n<p><\/p>\n","protected":false},"excerpt":{"rendered":"<p>Chihuahua.- Al participar como panelista en el foro virtual \u201cLa crisis actual, perspectivas de los estados\u201d el gobernador de Chihuahua Javier Corral destac\u00f3 la prioridad de privilegiar la salud y reorientar recursos propios para atender la doble crisis, sanitaria y econ\u00f3mica, derivada de la pandemia de COVID-19. \u201cLo que tenemos que hacer es un&nbsp;gran relanzamiento [&hellip;]<\/p>\n","protected":false},"author":1,"featured_media":26645,"comment_status":"open","ping_status":"open","sticky":false,"template":"","format":"standard","meta":{"rop_custom_images_group":[],"rop_custom_messages_group":[],"rop_publish_now":"initial","rop_publish_now_accounts":[],"rop_publish_now_history":[],"rop_publish_now_status":"pending","footnotes":""},"categories":[72,71],"tags":[],"class_list":["post-26644","post","type-post","status-publish","format-standard","has-post-thumbnail","hentry","category-estado","category-salud"],"_links":{"self":[{"href":"https:\/\/notiissa.mx\/index.php?rest_route=\/wp\/v2\/posts\/26644","targetHints":{"allow":["GET"]}}],"collection":[{"href":"https:\/\/notiissa.mx\/index.php?rest_route=\/wp\/v2\/posts"}],"about":[{"href":"https:\/\/notiissa.mx\/index.php?rest_route=\/wp\/v2\/types\/post"}],"author":[{"embeddable":true,"href":"https:\/\/notiissa.mx\/index.php?rest_route=\/wp\/v2\/users\/1"}],"replies":[{"embeddable":true,"href":"https:\/\/notiissa.mx\/index.php?rest_route=%2Fwp%2Fv2%2Fcomments&post=26644"}],"version-history":[{"count":1,"href":"https:\/\/notiissa.mx\/index.php?rest_route=\/wp\/v2\/posts\/26644\/revisions"}],"predecessor-version":[{"id":26646,"href":"https:\/\/notiissa.mx\/index.php?rest_route=\/wp\/v2\/posts\/26644\/revisions\/26646"}],"wp:featuredmedia":[{"embeddable":true,"href":"https:\/\/notiissa.mx\/index.php?rest_route=\/wp\/v2\/media\/26645"}],"wp:attachment":[{"href":"https:\/\/notiissa.mx\/index.php?rest_route=%2Fwp%2Fv2%2Fmedia&parent=26644"}],"wp:term":[{"taxonomy":"category","embeddable":true,"href":"https:\/\/notiissa.mx\/index.php?rest_route=%2Fwp%2Fv2%2Fcategories&post=26644"},{"taxonomy":"post_tag","embeddable":true,"href":"https:\/\/notiissa.mx\/index.php?rest_route=%2Fwp%2Fv2%2Ftags&post=26644"}],"curies":[{"name":"wp","href":"https:\/\/api.w.org\/{rel}","templated":true}]}}