{"id":26491,"date":"2020-07-13T18:21:34","date_gmt":"2020-07-13T18:21:34","guid":{"rendered":"http:\/\/notiissa.mx\/?p=26491"},"modified":"2020-07-13T18:21:35","modified_gmt":"2020-07-13T18:21:35","slug":"invierte-safran-10-millones-de-dolares-en-nueva-planta-en-chihuahua","status":"publish","type":"post","link":"https:\/\/notiissa.mx\/?p=26491","title":{"rendered":"Invierte Safran 10 millones de d\u00f3lares  en nueva planta en Chihuahua"},"content":{"rendered":"\n<p>La inversi\u00f3n de 10 millones de d\u00f3lares para operar la nueva planta de aeron\u00e1utica en Chihuahua, se decidi\u00f3 por la sinergia con las plantas que ya funcionan aqu\u00ed, por el apoyo espectacular de las autoridades estatales y la extraordinaria capacidad t\u00e9cnica y de mano de obra, dijo el director general en M\u00e9xico de Safran, Daniel Parfait.<\/p>\n\n\n\n<p>La inversi\u00f3n y la ampliaci\u00f3n de actividades en Chihuahua son, otra vez, un signo de confianza en la apuesta que Safran ha hecho por el pa\u00eds desde hace m\u00e1s de 30 a\u00f1os y que precisamente inici\u00f3 en Chihuahua.<\/p>\n\n\n\n<p>El mandatario estatal Javier Corral resalt\u00f3 que la garant\u00eda jur\u00eddica del Estado de Derecho y del clima de estabilidad y paz en materia laboral, han sido decisivos para que empresas como \u00e9sta y previamente BRP, aterricen inversiones millonarias para generar cientos de empleos en la entidad.<\/p>\n\n\n\n<p>\u201cCuando al CEO mundial del grupo se le pregunt\u00f3 por qu\u00e9 estaban y segu\u00edan con esta presencia tan importante en M\u00e9xico, dijo que generalmente a la gente se le pide que haga algo y lo hace, pero en el pa\u00eds, se les dice \u2018haz esto\u2019 y hacen m\u00e1s, esa es realmente la diferencia\u201d, narr\u00f3 Parfait.<\/p>\n\n\n\n<p>Agradeci\u00f3 el apoyo del Gobierno del\nEstado, el contacto con Cenaltec para capacitar a la gente que despu\u00e9s\ntrabajar\u00e1 en sus plantas, el montaje de la electricidad en un tiempo r\u00e9cord de\n4 d\u00edas, la pronta edificaci\u00f3n de la infraestructura en general, el\nacompa\u00f1amiento fiscal, y los esfuerzos para ofrecer accesos a la planta, como\nla construcci\u00f3n del puente sobre la avenida Quinta Real.<\/p>\n\n\n\n<p>&nbsp;\u201cEntonces estamos muy orgullosos de poder\nhablar en estos tiempos tan dif\u00edciles para la aeron\u00e1utica, de una inversi\u00f3n y\nde la creaci\u00f3n de empleos a nivel de Chihuahua\u201d, dijo el director general sobre\nla nueva planta que en una primera etapa crear\u00e1 200 empleos directos y subir\u00e1\nhasta 800 plazas.<\/p>\n\n\n\n<p>Destac\u00f3 que el giro de Safran en la\ncapital del estado es muy importante, desde el punto de vista tecnol\u00f3gico,\nrespecto al tema central de aeron\u00e1utica que es el peso: \u201chay que reducir el\npeso, aumentar la calidad de los asientos para que sean muy c\u00f3modos, y al mismo\ntiempo, hacer algo para protecci\u00f3n del medio ambiente\u201d.<\/p>\n\n\n\n<p>Propuso que en el marco de una etapa de\nreflexi\u00f3n sobre la industria aeroespacial, se busque posicionar como punteros\nen el mundo, al talento chihuahuense y mexicano para las cadenas productivas.<\/p>\n\n\n\n<p>\u201cEs un sector que ofrece much\u00edsimas\noportunidades porque cada 5 a\u00f1os m\u00e1s o menos hay que hacer de nuevo todos los\ninteriores de los aviones, entonces es un mercado absolutamente gigantesco, donde\npienso que Chihuahua y M\u00e9xico se pueden posicionar como l\u00edderes a nivel mundial\u201d,\ndescribi\u00f3.<\/p>\n","protected":false},"excerpt":{"rendered":"<p>La inversi\u00f3n de 10 millones de d\u00f3lares para operar la nueva planta de aeron\u00e1utica en Chihuahua, se decidi\u00f3 por la sinergia con las plantas que ya funcionan aqu\u00ed, por el apoyo espectacular de las autoridades estatales y la extraordinaria capacidad t\u00e9cnica y de mano de obra, dijo el director general en M\u00e9xico de Safran, Daniel [&hellip;]<\/p>\n","protected":false},"author":1,"featured_media":26492,"comment_status":"open","ping_status":"open","sticky":false,"template":"","format":"standard","meta":{"rop_custom_images_group":[],"rop_custom_messages_group":[],"rop_publish_now":"initial","rop_publish_now_accounts":[],"rop_publish_now_history":[],"rop_publish_now_status":"pending","footnotes":""},"categories":[61,72],"tags":[23],"class_list":["post-26491","post","type-post","status-publish","format-standard","has-post-thumbnail","hentry","category-economia","category-estado","tag-destacado"],"_links":{"self":[{"href":"https:\/\/notiissa.mx\/index.php?rest_route=\/wp\/v2\/posts\/26491","targetHints":{"allow":["GET"]}}],"collection":[{"href":"https:\/\/notiissa.mx\/index.php?rest_route=\/wp\/v2\/posts"}],"about":[{"href":"https:\/\/notiissa.mx\/index.php?rest_route=\/wp\/v2\/types\/post"}],"author":[{"embeddable":true,"href":"https:\/\/notiissa.mx\/index.php?rest_route=\/wp\/v2\/users\/1"}],"replies":[{"embeddable":true,"href":"https:\/\/notiissa.mx\/index.php?rest_route=%2Fwp%2Fv2%2Fcomments&post=26491"}],"version-history":[{"count":1,"href":"https:\/\/notiissa.mx\/index.php?rest_route=\/wp\/v2\/posts\/26491\/revisions"}],"predecessor-version":[{"id":26493,"href":"https:\/\/notiissa.mx\/index.php?rest_route=\/wp\/v2\/posts\/26491\/revisions\/26493"}],"wp:featuredmedia":[{"embeddable":true,"href":"https:\/\/notiissa.mx\/index.php?rest_route=\/wp\/v2\/media\/26492"}],"wp:attachment":[{"href":"https:\/\/notiissa.mx\/index.php?rest_route=%2Fwp%2Fv2%2Fmedia&parent=26491"}],"wp:term":[{"taxonomy":"category","embeddable":true,"href":"https:\/\/notiissa.mx\/index.php?rest_route=%2Fwp%2Fv2%2Fcategories&post=26491"},{"taxonomy":"post_tag","embeddable":true,"href":"https:\/\/notiissa.mx\/index.php?rest_route=%2Fwp%2Fv2%2Ftags&post=26491"}],"curies":[{"name":"wp","href":"https:\/\/api.w.org\/{rel}","templated":true}]}}