{"id":26387,"date":"2020-07-09T02:53:42","date_gmt":"2020-07-09T02:53:42","guid":{"rendered":"http:\/\/notiissa.mx\/?p=26387"},"modified":"2020-07-09T02:54:31","modified_gmt":"2020-07-09T02:54:31","slug":"trump-y-amlo-destacan-los-beneficios-del-t-mec","status":"publish","type":"post","link":"https:\/\/notiissa.mx\/?p=26387","title":{"rendered":"Trump y AMLO destacan los beneficios del T-MEC"},"content":{"rendered":"\n<p>Los mandatarios reafirman la \u00abcercana y fuerte\u00bb relaci\u00f3n entre M\u00e9xico y EE.UU.         <\/p>\n\n\n\n<p>En tanto, el mandatario de M\u00e9xico agradeci\u00f3 al pueblo y  al Gobierno estadounidense por ser \u00abcada vez m\u00e1s respetuosos con  nuestros paisanos mexicanos\u00bb.     <\/p>\n\n\n\n<p> El presidente de EE.UU., Donald Trump, y su hom\u00f3logo mexicano, Andr\u00e9s  Manuel L\u00f3pez Obrador, firmaron una declaraci\u00f3n conjunta este mi\u00e9rcoles  en el Jard\u00edn de las Rosas de la Casa Blanca, en Washington D.C.&nbsp;<\/p>\n\n\n\n<p>\u00ab<strong>La relaci\u00f3n entre M\u00e9xico y Estados Unidos nunca hab\u00eda sido tan cercana y fuerte como hasta ahora<\/strong>\u00ab, dijo Trump al inicio de su discurso.&nbsp;<\/p>\n\n\n\n<p>Trump  agradeci\u00f3 la visita de L\u00f3pez Obrador, con quien tiene una \u00abgran  relaci\u00f3n\u00bb y a quien le reconoci\u00f3 una gesti\u00f3n muy exitosa en su pa\u00eds.<\/p>\n\n\n\n<p>El mandatario estadounidense&nbsp;celebr\u00f3 la \u00abvictoria\u00bb que implic\u00f3 la \nentrada del acuerdo comercial entre M\u00e9xico, EE.UU. y Canad\u00e1 (T-MEC), que\n dio inicio el pasado 1 de julio despu\u00e9s de un largo proceso de \nnegociaciones entre las tres naciones.&nbsp;<\/p>\n\n\n\n<p>\u00ab<strong>Nos traer\u00e1 enorme prosperidad a los trabajadores de EE.UU., M\u00e9xico y Canad\u00e1<\/strong>\u00ab,&nbsp;dijo Trump.&nbsp;<\/p>\n\n\n\n<p>Por su parte, L\u00f3pez Obrador se refiri\u00f3 a la entrada del T-MEC, que \npodr\u00eda ayudar a mejorar las condiciones econ\u00f3micas en Norteam\u00e9rica. \u00ab<strong>El tratado es una gran opci\u00f3n para producir, crear empleos y fomentar el comercio<\/strong>, sin necesidad de ir tan lejos de nuestros hogares y naciones\u00bb,&nbsp;dijo L\u00f3pez Obrador.&nbsp;<\/p>\n\n\n\n<p>No obstante, el mandatario mexicano habl\u00f3 sobre el d\u00e9ficit comercial en la regi\u00f3n norteamericana respecto al resto del mundo.<\/p>\n\n\n\n<p>\u00abMantenemos\n un d\u00e9ficit de 611.000 millones de d\u00f3lares, lo cual se traduce en fuga \nde divisas, menores oportunidades para las empresas y p\u00e9rdida de fuentes\n de empleo\u00bb,&nbsp;agreg\u00f3.&nbsp;<\/p>\n\n\n\n<h3 class=\"wp-block-heading\">\u00abAmigos entra\u00f1ables\u00bb<\/h3>\n\n\n\n<p>Sobre las relaciones entre ambas naciones, L\u00f3pez Obrador refiri\u00f3 que a\n veces son \u00abvecinos distantes\u00bb, y otras, \u00abamigos entra\u00f1ables\u00bb. \u00ab<strong>Hemos recibido de usted comprensi\u00f3n y respeto<\/strong>\u00ab, le dijo el mandatario mexicano a Trump.&nbsp;<\/p>\n\n\n\n<p>En relaci\u00f3n a las cr\u00edticas que recibi\u00f3 L\u00f3pez Obrador en M\u00e9xico al aceptar visitar&nbsp;Washington, el mandatario mexicano explic\u00f3 las razones del viaje al pa\u00eds vecino.&nbsp;<\/p>\n\n\n\n<p>\u00abEs\n muy importante la puesta en marcha del tratado, pero tambi\u00e9n quise \nestar aqu\u00ed para agradecerle al pueblo de EE.UU., a su Gobierno, y a \nusted, presidente Trump, <strong>por ser cada vez m\u00e1s respetuosos con nuestros paisanos mexicanos<\/strong>\u00ab, dijo L\u00f3pez Obrador.&nbsp;&nbsp;<\/p>\n\n\n\n<p>Previamente,\n los mandatarios de ambas naciones sostuvieron una reuni\u00f3n privada en la\n Oficina Oval de la Casa Blanca, y posteriormente, con miembros de los \nGabinetes de ambos pa\u00edses.&nbsp;<\/p>\n\n\n\n<p>Esta noche, concluye la visita oficial de L\u00f3pez Obrador a Washington. <strong>El presidente Trump ofrecer\u00e1 una cena de honor en la Casa Blanca<\/strong>  para el mandatario y la delegaci\u00f3n mexicana que lo acompa\u00f1a, incluyendo  algunos de los empresarios m\u00e1s ricos de la naci\u00f3n latinoamericana.&nbsp;<\/p>\n\n\n\n<p>La primera&nbsp;salida oficial de L\u00f3pez Obrador al exterior se desarroll\u00f3 \nen el marco de la entrada en vigor del acuerdo comercial T-MEC. En un \nprincipio, se esperaba la participaci\u00f3n del primer ministro canadiense, \nJustin Trudeau, pero hace unos d\u00edas inform\u00f3 que no podr\u00eda asistir al \nencuentro en la Casa Blanca.&nbsp;<\/p>\n\n\n\n<p>El polit\u00f3logo Javier Buenrostro cree  que la moderaci\u00f3n del discurso de Trump en relaci\u00f3n a M\u00e9xico y los  mexicanos se debe a la coyuntura pol\u00edtica de EE.UU. En su opini\u00f3n, este  cambio en la ret\u00f3rica del mandatario estadounidense formar\u00eda parte de su  campa\u00f1a electoral de cara a los comicios presidenciales del pr\u00f3ximo mes  de noviembre.<\/p>\n\n\n\n<p>RT<\/p>\n\n\n\n<p>     <\/p>\n","protected":false},"excerpt":{"rendered":"<p>Los mandatarios reafirman la \u00abcercana y fuerte\u00bb relaci\u00f3n entre M\u00e9xico y EE.UU. En tanto, el mandatario de M\u00e9xico agradeci\u00f3 al pueblo y al Gobierno estadounidense por ser \u00abcada vez m\u00e1s respetuosos con nuestros paisanos mexicanos\u00bb. El presidente de EE.UU., Donald Trump, y su hom\u00f3logo mexicano, Andr\u00e9s Manuel L\u00f3pez Obrador, firmaron una declaraci\u00f3n conjunta este mi\u00e9rcoles [&hellip;]<\/p>\n","protected":false},"author":1,"featured_media":26388,"comment_status":"open","ping_status":"open","sticky":false,"template":"","format":"standard","meta":{"rop_custom_images_group":[],"rop_custom_messages_group":[],"rop_publish_now":"initial","rop_publish_now_accounts":[],"rop_publish_now_history":[],"rop_publish_now_status":"pending","footnotes":""},"categories":[61,60],"tags":[23],"class_list":["post-26387","post","type-post","status-publish","format-standard","has-post-thumbnail","hentry","category-economia","category-sonnoticia","tag-destacado"],"_links":{"self":[{"href":"https:\/\/notiissa.mx\/index.php?rest_route=\/wp\/v2\/posts\/26387","targetHints":{"allow":["GET"]}}],"collection":[{"href":"https:\/\/notiissa.mx\/index.php?rest_route=\/wp\/v2\/posts"}],"about":[{"href":"https:\/\/notiissa.mx\/index.php?rest_route=\/wp\/v2\/types\/post"}],"author":[{"embeddable":true,"href":"https:\/\/notiissa.mx\/index.php?rest_route=\/wp\/v2\/users\/1"}],"replies":[{"embeddable":true,"href":"https:\/\/notiissa.mx\/index.php?rest_route=%2Fwp%2Fv2%2Fcomments&post=26387"}],"version-history":[{"count":2,"href":"https:\/\/notiissa.mx\/index.php?rest_route=\/wp\/v2\/posts\/26387\/revisions"}],"predecessor-version":[{"id":26390,"href":"https:\/\/notiissa.mx\/index.php?rest_route=\/wp\/v2\/posts\/26387\/revisions\/26390"}],"wp:featuredmedia":[{"embeddable":true,"href":"https:\/\/notiissa.mx\/index.php?rest_route=\/wp\/v2\/media\/26388"}],"wp:attachment":[{"href":"https:\/\/notiissa.mx\/index.php?rest_route=%2Fwp%2Fv2%2Fmedia&parent=26387"}],"wp:term":[{"taxonomy":"category","embeddable":true,"href":"https:\/\/notiissa.mx\/index.php?rest_route=%2Fwp%2Fv2%2Fcategories&post=26387"},{"taxonomy":"post_tag","embeddable":true,"href":"https:\/\/notiissa.mx\/index.php?rest_route=%2Fwp%2Fv2%2Ftags&post=26387"}],"curies":[{"name":"wp","href":"https:\/\/api.w.org\/{rel}","templated":true}]}}