{"id":26048,"date":"2020-06-30T17:34:42","date_gmt":"2020-06-30T17:34:42","guid":{"rendered":"http:\/\/notiissa.mx\/?p=26048"},"modified":"2020-06-30T20:30:30","modified_gmt":"2020-06-30T20:30:30","slug":"realiza-municipio-pago-de-becas-deportivas-correspondiente-a-junio","status":"publish","type":"post","link":"https:\/\/notiissa.mx\/?p=26048","title":{"rendered":"Realiza Municipio pago de Becas Deportivas correspondiente a junio"},"content":{"rendered":"\n<p><em>-En esta edici\u00f3n creci\u00f3 el n\u00famero de becas para promotores y entrenadores<\/em>.<\/p>\n\n\n\n<p>El Gobierno Municipal de \nChihuahua a trav\u00e9s del Instituto Municipal de Cultura F\u00edsica y Deporte \nanunci\u00f3 el dep\u00f3sito correspondiente del Programa Municipal de las Becas \nal Fomento Deportivo para este martes 30 de junio.<\/p>\n\n\n\n<p>Desde temprana hora se realiz\u00f3 el pago de las becas a los 1,038 chihuahuenses beneficiados en la edici\u00f3n 2020.<\/p>\n\n\n\n<p>Cabe mencionar que el \npasado 17 de junio se celebr\u00f3 el D\u00eda del Promotor Deportivo con el \nobjetivo de reconocer el papel trascendente que cumplen con la formaci\u00f3n\n de nuevos p\u00fablicos y la potencializaci\u00f3n de talentos deportivos.<\/p>\n\n\n\n<p>Con una inversi\u00f3n cercana\n a los 9 millones de pesos en esta edici\u00f3n, el Gobierno Municipal de \nChihuahua aument\u00f3 el numero de becas para estos gestores entre la \ncomunidad de promotores, entrenadores y comit\u00e9s deportivos <a rel=\"noreferrer noopener\" target=\"_blank\" href=\"https:\/\/www.youtube.com\/watch?v=KNH6aHM6OwE&amp;feature=youtu.be\">https:\/\/www.youtube.com\/watch?v=KNH6aHM6OwE&amp;feature=youtu.be<\/a><\/p>\n\n\n\n<p>En caso de acudir a un  cajero autom\u00e1tico para retirar la beca, el Gobierno Municipal de Chihuahua reitera la recomendaci\u00f3n y medidas preventivas de salud como  la sana distancia entre personas y uso correcto de cubrebocas.<\/p>\n","protected":false},"excerpt":{"rendered":"<p>-En esta edici\u00f3n creci\u00f3 el n\u00famero de becas para promotores y entrenadores. El Gobierno Municipal de Chihuahua a trav\u00e9s del Instituto Municipal de Cultura F\u00edsica y Deporte anunci\u00f3 el dep\u00f3sito correspondiente del Programa Municipal de las Becas al Fomento Deportivo para este martes 30 de junio. Desde temprana hora se realiz\u00f3 el pago de las [&hellip;]<\/p>\n","protected":false},"author":1,"featured_media":26049,"comment_status":"open","ping_status":"open","sticky":false,"template":"","format":"standard","meta":{"rop_custom_images_group":[],"rop_custom_messages_group":[],"rop_publish_now":"initial","rop_publish_now_accounts":[],"rop_publish_now_history":[],"rop_publish_now_status":"pending","footnotes":""},"categories":[67],"tags":[23],"class_list":["post-26048","post","type-post","status-publish","format-standard","has-post-thumbnail","hentry","category-ciudad","tag-destacado"],"_links":{"self":[{"href":"https:\/\/notiissa.mx\/index.php?rest_route=\/wp\/v2\/posts\/26048","targetHints":{"allow":["GET"]}}],"collection":[{"href":"https:\/\/notiissa.mx\/index.php?rest_route=\/wp\/v2\/posts"}],"about":[{"href":"https:\/\/notiissa.mx\/index.php?rest_route=\/wp\/v2\/types\/post"}],"author":[{"embeddable":true,"href":"https:\/\/notiissa.mx\/index.php?rest_route=\/wp\/v2\/users\/1"}],"replies":[{"embeddable":true,"href":"https:\/\/notiissa.mx\/index.php?rest_route=%2Fwp%2Fv2%2Fcomments&post=26048"}],"version-history":[{"count":1,"href":"https:\/\/notiissa.mx\/index.php?rest_route=\/wp\/v2\/posts\/26048\/revisions"}],"predecessor-version":[{"id":26050,"href":"https:\/\/notiissa.mx\/index.php?rest_route=\/wp\/v2\/posts\/26048\/revisions\/26050"}],"wp:featuredmedia":[{"embeddable":true,"href":"https:\/\/notiissa.mx\/index.php?rest_route=\/wp\/v2\/media\/26049"}],"wp:attachment":[{"href":"https:\/\/notiissa.mx\/index.php?rest_route=%2Fwp%2Fv2%2Fmedia&parent=26048"}],"wp:term":[{"taxonomy":"category","embeddable":true,"href":"https:\/\/notiissa.mx\/index.php?rest_route=%2Fwp%2Fv2%2Fcategories&post=26048"},{"taxonomy":"post_tag","embeddable":true,"href":"https:\/\/notiissa.mx\/index.php?rest_route=%2Fwp%2Fv2%2Ftags&post=26048"}],"curies":[{"name":"wp","href":"https:\/\/api.w.org\/{rel}","templated":true}]}}