{"id":26045,"date":"2020-06-30T17:29:28","date_gmt":"2020-06-30T17:29:28","guid":{"rendered":"http:\/\/notiissa.mx\/?p=26045"},"modified":"2020-06-30T17:29:29","modified_gmt":"2020-06-30T17:29:29","slug":"convocan-a-empresas-a-participar-en-feria-de-productos-locales-en-supermercados","status":"publish","type":"post","link":"https:\/\/notiissa.mx\/?p=26045","title":{"rendered":"Convocan a empresas a participar en Feria de Productos Locales en supermercados"},"content":{"rendered":"\n<figure class=\"wp-block-table\"><table class=\"\"><tbody><tr><td>Ciudad de Chihuahua.- El Gobierno Municipal y el Consejo de  Desarrollo Econ\u00f3mico Regional Chihuahua-Centro (CODER), convocan a  productores del municipio de Chihuahua a participar en la primera Feria  de Productos Locales; en esta ocasi\u00f3n se ofrecer\u00e1n productos en cadenas  comerciales de la ciudad durante tres meses. \u00a0 <br><br>Con el fin de impulsar la econom\u00eda de micro,  peque\u00f1as y medianas empresas, y tras el impacto de la contingencia  sanitaria por el COVID-19, el Gobierno Municipal de Chihuahua, a trav\u00e9s  de la Direcci\u00f3n de Desarrollo Econ\u00f3mico y Tur\u00edstico, con el apoyo del  CODER y de algunas cadenas de supermercados de la ciudad, convoca a esta  primera Feria de Productos Locales. <br><br> Si eres productor y te interesa participar, te dejamos los requisitos: -Contar con registro de Hacienda a fin de los productos a propones. -Tabla Nutrimental y C\u00f3digos de Barras por cada producto. <br><br>-Empaque adecuado al producto y etiqueta que cumpla con las Normas Oficiales Mexicanas (NOM). -Contar con los permisos de salubridad pertinentes. \u00a0 <br><br>Si cuentas con los requisitos y est\u00e1s  interesado, env\u00eda una fotograf\u00eda de los productos, su descripci\u00f3n y los  datos de la empresa al correo: <a rel=\"noreferrer noopener\" target=\"_blank\" href=\"http:\/\/app.marketero.com\/prensampio\/Public\/TrackingUrl?a=10713.1&amp;k=32f149fa&amp;e=285\">atencionempresasyemprendedores@gmail.com<\/a> o al tel\u00e9fono 2 00 48 00 o al 072, en la extensi\u00f3n 2957.\u00a0\u00a0 <\/td><\/tr><\/tbody><\/table><\/figure>\n\n\n\n<figure class=\"wp-block-table\"><table class=\"\"><tbody><tr><td>\n\n\n\n\n\n\n\n\n\n<\/td><\/tr><\/tbody><\/table><\/figure>\n","protected":false},"excerpt":{"rendered":"<p>Ciudad de Chihuahua.- El Gobierno Municipal y el Consejo de Desarrollo Econ\u00f3mico Regional Chihuahua-Centro (CODER), convocan a productores del municipio de Chihuahua a participar en la primera Feria de Productos Locales; en esta ocasi\u00f3n se ofrecer\u00e1n productos en cadenas comerciales de la ciudad durante tres meses. \u00a0 Con el fin de impulsar la econom\u00eda de [&hellip;]<\/p>\n","protected":false},"author":1,"featured_media":26046,"comment_status":"open","ping_status":"open","sticky":false,"template":"","format":"standard","meta":{"rop_custom_images_group":[],"rop_custom_messages_group":[],"rop_publish_now":"initial","rop_publish_now_accounts":[],"rop_publish_now_history":[],"rop_publish_now_status":"pending","footnotes":""},"categories":[67],"tags":[23],"class_list":["post-26045","post","type-post","status-publish","format-standard","has-post-thumbnail","hentry","category-ciudad","tag-destacado"],"_links":{"self":[{"href":"https:\/\/notiissa.mx\/index.php?rest_route=\/wp\/v2\/posts\/26045","targetHints":{"allow":["GET"]}}],"collection":[{"href":"https:\/\/notiissa.mx\/index.php?rest_route=\/wp\/v2\/posts"}],"about":[{"href":"https:\/\/notiissa.mx\/index.php?rest_route=\/wp\/v2\/types\/post"}],"author":[{"embeddable":true,"href":"https:\/\/notiissa.mx\/index.php?rest_route=\/wp\/v2\/users\/1"}],"replies":[{"embeddable":true,"href":"https:\/\/notiissa.mx\/index.php?rest_route=%2Fwp%2Fv2%2Fcomments&post=26045"}],"version-history":[{"count":1,"href":"https:\/\/notiissa.mx\/index.php?rest_route=\/wp\/v2\/posts\/26045\/revisions"}],"predecessor-version":[{"id":26047,"href":"https:\/\/notiissa.mx\/index.php?rest_route=\/wp\/v2\/posts\/26045\/revisions\/26047"}],"wp:featuredmedia":[{"embeddable":true,"href":"https:\/\/notiissa.mx\/index.php?rest_route=\/wp\/v2\/media\/26046"}],"wp:attachment":[{"href":"https:\/\/notiissa.mx\/index.php?rest_route=%2Fwp%2Fv2%2Fmedia&parent=26045"}],"wp:term":[{"taxonomy":"category","embeddable":true,"href":"https:\/\/notiissa.mx\/index.php?rest_route=%2Fwp%2Fv2%2Fcategories&post=26045"},{"taxonomy":"post_tag","embeddable":true,"href":"https:\/\/notiissa.mx\/index.php?rest_route=%2Fwp%2Fv2%2Ftags&post=26045"}],"curies":[{"name":"wp","href":"https:\/\/api.w.org\/{rel}","templated":true}]}}