{"id":25794,"date":"2020-06-24T17:40:08","date_gmt":"2020-06-24T17:40:08","guid":{"rendered":"http:\/\/notiissa.mx\/?p=25794"},"modified":"2020-06-24T17:40:10","modified_gmt":"2020-06-24T17:40:10","slug":"solicitara-perez-cuellar-investigacion-a-fondo-el-derroche-de-corral-en-vuelos-privados","status":"publish","type":"post","link":"https:\/\/notiissa.mx\/?p=25794","title":{"rendered":"Solicitar\u00e1 P\u00e9rez Cu\u00e9llar investigaci\u00f3n a fondo el derroche de Corral en vuelos privados"},"content":{"rendered":"\n<p>Chihuahua,  Chih .- El senador por Morena, Cruz P\u00e9rez Cu\u00e9llar, presentar\u00e1 una  denuncia ante la Auditor\u00eda Superior del Estado (ASE) para que inicie una  investigaci\u00f3n sobre los vuelos realizados por el gobernador del estado  Javier Corral Jurado y en especial el efectuado en d\u00edas pasados para  asistir a una reuni\u00f3n de la Asociaci\u00f3n de Gobernadores de Acci\u00f3n  Nacional.<\/p>\n\n\n\n<p>Y\n frente a la actitud simplista mostrada por el mandatario ante la \ncr\u00edtica, el senador morenista declar\u00f3: \u201cel gobernador Javier Corral no \nsabe trabajar, ante cualquier cr\u00edtica lo \u00fanico que sabe es sacar el \nnombre de C\u00e9sar Duarte, ya basta de la misma cantaleta, y que a m\u00ed no me\n relacione con nadie; los chihuahuenses estamos cansados por esta d\u00e9cada\n perdida: los seis a\u00f1os del \u201cvulgar ladr\u00f3n\u201d y otros cuatro del \u201cvulgar \nhuev\u00f3n\u201d, que saque cuentas.&nbsp;<\/p>\n\n\n\n<p>Destac\u00f3\n que presentaron cinco solicitudes de informaci\u00f3n a las plataformas de \ntransparencia, como el Instituto Nacional de Acceso a la Informaci\u00f3n y \nel Instituto Chihuahuense para la Transparencia y Acceso a la \nInformaci\u00f3n P\u00fablica, para que den a conocer los gastos del gobernador \nJavier Corral en viajes a\u00e9reos.<\/p>\n\n\n\n<p>Detall\u00f3\n que las solicitudes de informaci\u00f3n van destinadas a la Secretar\u00eda \nGeneral de Gobierno, Secretar\u00eda de Hacienda y la Secretar\u00eda Particular \ndel Gobierno del Estado, en donde se est\u00e1 pidiendo la informaci\u00f3n de los\n costos del vuelo que realiz\u00f3 el gobernador a la reuni\u00f3n de gobernadores\n en Guanajuato.<\/p>\n\n\n\n<p>En\n la solicitud se exige tambi\u00e9n la explicaci\u00f3n de los motivos por los \ncuales el gobernador viaj\u00f3 en un avi\u00f3n privado y que se aclare si el \ncosto del vuelo fue absorbido con recursos de los chihuahuenses o en su \ncaso que se informe qui\u00e9n cubri\u00f3 los gastos.<\/p>\n\n\n\n<p>Adem\u00e1s\n se present\u00f3 otra solicitud de informaci\u00f3n pero a nivel federal, \nespec\u00edficamente a la Secretar\u00eda de Comunicaciones y Transportes y a la \nAgencia Federal de Aviaci\u00f3n Civil para solicitar la bit\u00e1cora de donde \nsali\u00f3 este avi\u00f3n extranjero.<\/p>\n\n\n\n<p>\u201cQueremos\n tener toda la informaci\u00f3n de los vuelos privados, del helic\u00f3ptero, \nporque no se vale estar atacando al Gobierno Federal, estar exigiendo \ndinero y, a la vez, estar derrochando en vuelos privados el dinero de \nlos chihuahuenses\u201d, manifest\u00f3 el senador chihuahuense.<\/p>\n\n\n\n<p>Detall\u00f3\n que se va a exigir a la Auditor\u00eda Superior del Estado y a su titular \nque haga su trabajo y que presente resultados sobre una verdadera \ninvestigaci\u00f3n del derroche del gobierno del estado.<\/p>\n\n\n\n<p>\u201cCreo\n que es muy importante que todo esto se transparente porque es de muy \nmal gusto que vayan los gobernadores del PAN, particularmente el \ngobernador Corral, a hacer un pronunciamiento de que necesitan m\u00e1s \ndinero y acudan en vuelos privados derrochando recursos\u201d, concluy\u00f3 el \nsenador Cruz P\u00e9rez Cu\u00e9llar.<\/p>\n","protected":false},"excerpt":{"rendered":"<p>Chihuahua, Chih .- El senador por Morena, Cruz P\u00e9rez Cu\u00e9llar, presentar\u00e1 una denuncia ante la Auditor\u00eda Superior del Estado (ASE) para que inicie una investigaci\u00f3n sobre los vuelos realizados por el gobernador del estado Javier Corral Jurado y en especial el efectuado en d\u00edas pasados para asistir a una reuni\u00f3n de la Asociaci\u00f3n de Gobernadores [&hellip;]<\/p>\n","protected":false},"author":1,"featured_media":25795,"comment_status":"open","ping_status":"open","sticky":false,"template":"","format":"standard","meta":{"rop_custom_images_group":[],"rop_custom_messages_group":[],"rop_publish_now":"initial","rop_publish_now_accounts":[],"rop_publish_now_history":[],"rop_publish_now_status":"pending","footnotes":""},"categories":[72,77],"tags":[],"class_list":["post-25794","post","type-post","status-publish","format-standard","has-post-thumbnail","hentry","category-estado","category-ni-lectoris"],"_links":{"self":[{"href":"https:\/\/notiissa.mx\/index.php?rest_route=\/wp\/v2\/posts\/25794","targetHints":{"allow":["GET"]}}],"collection":[{"href":"https:\/\/notiissa.mx\/index.php?rest_route=\/wp\/v2\/posts"}],"about":[{"href":"https:\/\/notiissa.mx\/index.php?rest_route=\/wp\/v2\/types\/post"}],"author":[{"embeddable":true,"href":"https:\/\/notiissa.mx\/index.php?rest_route=\/wp\/v2\/users\/1"}],"replies":[{"embeddable":true,"href":"https:\/\/notiissa.mx\/index.php?rest_route=%2Fwp%2Fv2%2Fcomments&post=25794"}],"version-history":[{"count":1,"href":"https:\/\/notiissa.mx\/index.php?rest_route=\/wp\/v2\/posts\/25794\/revisions"}],"predecessor-version":[{"id":25796,"href":"https:\/\/notiissa.mx\/index.php?rest_route=\/wp\/v2\/posts\/25794\/revisions\/25796"}],"wp:featuredmedia":[{"embeddable":true,"href":"https:\/\/notiissa.mx\/index.php?rest_route=\/wp\/v2\/media\/25795"}],"wp:attachment":[{"href":"https:\/\/notiissa.mx\/index.php?rest_route=%2Fwp%2Fv2%2Fmedia&parent=25794"}],"wp:term":[{"taxonomy":"category","embeddable":true,"href":"https:\/\/notiissa.mx\/index.php?rest_route=%2Fwp%2Fv2%2Fcategories&post=25794"},{"taxonomy":"post_tag","embeddable":true,"href":"https:\/\/notiissa.mx\/index.php?rest_route=%2Fwp%2Fv2%2Ftags&post=25794"}],"curies":[{"name":"wp","href":"https:\/\/api.w.org\/{rel}","templated":true}]}}