{"id":25791,"date":"2020-06-24T16:35:59","date_gmt":"2020-06-24T16:35:59","guid":{"rendered":"http:\/\/notiissa.mx\/?p=25791"},"modified":"2020-06-24T16:36:00","modified_gmt":"2020-06-24T16:36:00","slug":"se-apunta-victor-quintana-por-gubernatura-de-chihuahua","status":"publish","type":"post","link":"https:\/\/notiissa.mx\/?p=25791","title":{"rendered":"Se apunta V\u00edctor Quintana por gubernatura de Chihuahua"},"content":{"rendered":"\n<p>En  entrevista con el periodista Carlos Mario Armend\u00e1riz, se\u00f1al\u00f3 que  buscar\u00e1 ser el abanderado del partido Morena para el pr\u00f3ximo proceso  electoral.<\/p>\n\n\n\n<p>El\n activista y acad\u00e9mico V\u00edctor Quintana Silveyra, adelant\u00f3 que competir\u00e1 \npara buscar la candidatura a gobernador de Chihuahua por el partido \nMovimiento de Regeneraci\u00f3n Nacional (Morena), en el pr\u00f3ximo proceso \nelectoral.<\/p>\n\n\n\n<p>En\n entrevista con el periodista Carlos Mario Armend\u00e1riz, afirm\u00f3 que cuenta\n con una preparaci\u00f3n acad\u00e9mica s\u00f3lida y vasta experiencia en la funci\u00f3n \np\u00fablica, adem\u00e1s de un conocimiento de la problem\u00e1tica de la entidad \ndesde sus bases.<\/p>\n\n\n\n<p>\u201cTengo\n para ofrecer honestidad, una vida de entrega a diferentes causas del \npueblo de Chihuahua, las he abrazado cuando he tenido un puesto p\u00fablico y\n sin \u00e9l, incluso en contra de los puestos p\u00fablicos\u201d, manifest\u00f3 el \nexdiputado local nativo de Ciudad Cuauht\u00e9moc.<\/p>\n\n\n\n<p>El\n tambi\u00e9n docente de la Universidad Aut\u00f3noma de Ciudad Ju\u00e1rez, destac\u00f3 \nque buscar\u00e1 la candidatura por el partido Morena y no por otra v\u00eda, \nporque es una persona de izquierda y ah\u00ed es donde se identifica.<\/p>\n\n\n\n<p>Agreg\u00f3\n que en sus m\u00e1s de tres d\u00e9cadas de activismo, ha conocido las \nprincipales causas de los chihuahuenses, no solo los del sector \ncampesino, sino de los deudores de la banca, de derechos humanos y los \nproblemas de enfrenta el sector empresarial.<\/p>\n\n\n\n<p>Como\n parte de su experiencia laboral, Quintana Silveyra ha laborado como \ndirector general de Administraci\u00f3n y Desarrollo de Personal en el \ngobierno del Distrito Federal, durante la gesti\u00f3n de Cuauht\u00e9moc \nC\u00e1rdenas.<\/p>\n\n\n\n<p>Posteriormente\n fue titular de la Delegaci\u00f3n Gustavo A. Madero, la segunda m\u00e1s grande \nde la zona conurbada de la capital del pa\u00eds. Adem\u00e1s ha sido diputado \nlocal y su \u00faltimo cargo, fue como secretario de Desarrollo Social de \nGobierno del Estado.<\/p>\n\n\n\n<p>Destac\u00f3\n que adem\u00e1s de su experiencia en la administraci\u00f3n p\u00fablica, estudi\u00f3 un \ndoctorado en la Universidad de la Sorbona de Francia, donde adem\u00e1s \nimparti\u00f3 clases durante un semestre.<\/p>\n","protected":false},"excerpt":{"rendered":"<p>En entrevista con el periodista Carlos Mario Armend\u00e1riz, se\u00f1al\u00f3 que buscar\u00e1 ser el abanderado del partido Morena para el pr\u00f3ximo proceso electoral. El activista y acad\u00e9mico V\u00edctor Quintana Silveyra, adelant\u00f3 que competir\u00e1 para buscar la candidatura a gobernador de Chihuahua por el partido Movimiento de Regeneraci\u00f3n Nacional (Morena), en el pr\u00f3ximo proceso electoral. En entrevista [&hellip;]<\/p>\n","protected":false},"author":1,"featured_media":25792,"comment_status":"open","ping_status":"open","sticky":false,"template":"","format":"standard","meta":{"rop_custom_images_group":[],"rop_custom_messages_group":[],"rop_publish_now":"initial","rop_publish_now_accounts":[],"rop_publish_now_history":[],"rop_publish_now_status":"pending","footnotes":""},"categories":[72,77],"tags":[],"class_list":["post-25791","post","type-post","status-publish","format-standard","has-post-thumbnail","hentry","category-estado","category-ni-lectoris"],"_links":{"self":[{"href":"https:\/\/notiissa.mx\/index.php?rest_route=\/wp\/v2\/posts\/25791","targetHints":{"allow":["GET"]}}],"collection":[{"href":"https:\/\/notiissa.mx\/index.php?rest_route=\/wp\/v2\/posts"}],"about":[{"href":"https:\/\/notiissa.mx\/index.php?rest_route=\/wp\/v2\/types\/post"}],"author":[{"embeddable":true,"href":"https:\/\/notiissa.mx\/index.php?rest_route=\/wp\/v2\/users\/1"}],"replies":[{"embeddable":true,"href":"https:\/\/notiissa.mx\/index.php?rest_route=%2Fwp%2Fv2%2Fcomments&post=25791"}],"version-history":[{"count":1,"href":"https:\/\/notiissa.mx\/index.php?rest_route=\/wp\/v2\/posts\/25791\/revisions"}],"predecessor-version":[{"id":25793,"href":"https:\/\/notiissa.mx\/index.php?rest_route=\/wp\/v2\/posts\/25791\/revisions\/25793"}],"wp:featuredmedia":[{"embeddable":true,"href":"https:\/\/notiissa.mx\/index.php?rest_route=\/wp\/v2\/media\/25792"}],"wp:attachment":[{"href":"https:\/\/notiissa.mx\/index.php?rest_route=%2Fwp%2Fv2%2Fmedia&parent=25791"}],"wp:term":[{"taxonomy":"category","embeddable":true,"href":"https:\/\/notiissa.mx\/index.php?rest_route=%2Fwp%2Fv2%2Fcategories&post=25791"},{"taxonomy":"post_tag","embeddable":true,"href":"https:\/\/notiissa.mx\/index.php?rest_route=%2Fwp%2Fv2%2Ftags&post=25791"}],"curies":[{"name":"wp","href":"https:\/\/api.w.org\/{rel}","templated":true}]}}