{"id":25692,"date":"2020-06-21T22:21:24","date_gmt":"2020-06-21T22:21:24","guid":{"rendered":"http:\/\/notiissa.mx\/?p=25692"},"modified":"2020-06-21T22:23:30","modified_gmt":"2020-06-21T22:23:30","slug":"descubren-como-la-soledad-modifica-el-funcionamiento-del-cerebro","status":"publish","type":"post","link":"https:\/\/notiissa.mx\/?p=25692","title":{"rendered":"Descubren c\u00f3mo la soledad modifica el funcionamiento del cerebro"},"content":{"rendered":"\n<p>Cuando una persona sociable piensa en sus allegados, en su cerebro se  activa la regi\u00f3n cerebral asociada con el yo. En las personas  solitarias, en cambio, esta actividad neuronal se diferencia.     <\/p>\n\n\n\n<p> Un estudio publicado en la revista Journal of Neuroscience se\u00f1ala que el cerebro  de las personas solitarias representa al yo y a los dem\u00e1s de manera  distinta a como lo hace el cerebro de las personas socialmente m\u00e1s  activas.<\/p>\n\n\n\n<p>Para estudiar los efectos que tiene la intensidad de la \nvida social en el cerebro, los autores del estudio \u2014Meghan Meyer y \nAndrea Courtney, del Colegio Dartmouth y la Universidad de Stanford\u2014 con\n la ayuda de la imagen de resonancia magn\u00e9tica&nbsp;analizaron a 43 \nvoluntarios, a quienes pidieron pensar en s\u00ed mismos, en cinco personas \ncercanas, cinco conocidos y cinco celebridades. Tras analizar los \nresultados del experimento&nbsp;llegaron a la conclusi\u00f3n de que el cerebro \nagrupa las representaciones de personas en tres conjuntos: la propia \npersona, su entorno social y las personas famosas a las que el sujeto no\n conoce directamente.<\/p>\n\n\n\n<p>Asimismo, descubrieron que los voluntarios  ten\u00edan tendencia a representar de manera m\u00e1s parecida a ellos mismos a  las personas m\u00e1s cercanas. De hecho, cuando uno piensa en sus allegados  se activa la corteza prefrontal medial, la regi\u00f3n del cerebro que se  asocia con el concepto del yo, explican las autoras.<\/p>\n\n\n\n<p> Por lo tanto, las personas solitarias podr\u00edan ser identificadas en base al funcionamiento de su cerebro,&nbsp;indica Meyer en un comunicado del colegio.<\/p>\n\n\n\n<p>\u00abSi tuvi\u00e9ramos un sello de actividad neuronal que reflejara la  autorrepresentaci\u00f3n y uno que reflejara la representaci\u00f3n de las  personas cercanas, ver\u00edamos que los sellos de actividad neuronal de la  mayor\u00eda de nosotros ser\u00edan bastante similares. Sin embargo, para las  personas m\u00e1s solitarias, la actividad neuronal realmente se  diferenciar\u00eda de la de los dem\u00e1s\u00bb, se\u00f1ala.<\/p>\n\n\n\n<p>\u00abEs casi como si  tuviera una constelaci\u00f3n espec\u00edfica de actividad neuronal que se activa  cuando piensa en s\u00ed mismo. Y cuando piensa en sus amigos, se recluta  gran parte de la misma constelaci\u00f3n. Sin embargo, si est\u00e1 solo, cuando  piensa en los dem\u00e1s se activa una constelaci\u00f3n bastante diferente a la  que se activa cuando piensa en s\u00ed mismo. Es como si la representaci\u00f3n  que su cerebro tiene de usted estuviera m\u00e1s desconectada de la de las  otras personas, lo que es consistente con lo sola que dice sentirse la  gente\u00bb, agrega Meyer.<\/p>\n\n\n\n<p>RT<\/p>\n\n\n\n<p><\/p>\n\n\n\n<p>       <\/p>\n","protected":false},"excerpt":{"rendered":"<p>Cuando una persona sociable piensa en sus allegados, en su cerebro se activa la regi\u00f3n cerebral asociada con el yo. En las personas solitarias, en cambio, esta actividad neuronal se diferencia. Un estudio publicado en la revista Journal of Neuroscience se\u00f1ala que el cerebro de las personas solitarias representa al yo y a los dem\u00e1s [&hellip;]<\/p>\n","protected":false},"author":1,"featured_media":25693,"comment_status":"open","ping_status":"open","sticky":false,"template":"","format":"standard","meta":{"rop_custom_images_group":[],"rop_custom_messages_group":[],"rop_publish_now":"initial","rop_publish_now_accounts":[],"rop_publish_now_history":[],"rop_publish_now_status":"pending","footnotes":""},"categories":[66],"tags":[23],"class_list":["post-25692","post","type-post","status-publish","format-standard","has-post-thumbnail","hentry","category-estilo-de-vida","tag-destacado"],"_links":{"self":[{"href":"https:\/\/notiissa.mx\/index.php?rest_route=\/wp\/v2\/posts\/25692","targetHints":{"allow":["GET"]}}],"collection":[{"href":"https:\/\/notiissa.mx\/index.php?rest_route=\/wp\/v2\/posts"}],"about":[{"href":"https:\/\/notiissa.mx\/index.php?rest_route=\/wp\/v2\/types\/post"}],"author":[{"embeddable":true,"href":"https:\/\/notiissa.mx\/index.php?rest_route=\/wp\/v2\/users\/1"}],"replies":[{"embeddable":true,"href":"https:\/\/notiissa.mx\/index.php?rest_route=%2Fwp%2Fv2%2Fcomments&post=25692"}],"version-history":[{"count":2,"href":"https:\/\/notiissa.mx\/index.php?rest_route=\/wp\/v2\/posts\/25692\/revisions"}],"predecessor-version":[{"id":25695,"href":"https:\/\/notiissa.mx\/index.php?rest_route=\/wp\/v2\/posts\/25692\/revisions\/25695"}],"wp:featuredmedia":[{"embeddable":true,"href":"https:\/\/notiissa.mx\/index.php?rest_route=\/wp\/v2\/media\/25693"}],"wp:attachment":[{"href":"https:\/\/notiissa.mx\/index.php?rest_route=%2Fwp%2Fv2%2Fmedia&parent=25692"}],"wp:term":[{"taxonomy":"category","embeddable":true,"href":"https:\/\/notiissa.mx\/index.php?rest_route=%2Fwp%2Fv2%2Fcategories&post=25692"},{"taxonomy":"post_tag","embeddable":true,"href":"https:\/\/notiissa.mx\/index.php?rest_route=%2Fwp%2Fv2%2Ftags&post=25692"}],"curies":[{"name":"wp","href":"https:\/\/api.w.org\/{rel}","templated":true}]}}