{"id":25203,"date":"2020-06-09T21:02:05","date_gmt":"2020-06-09T21:02:05","guid":{"rendered":"http:\/\/notiissa.mx\/?p=25203"},"modified":"2020-06-09T21:02:06","modified_gmt":"2020-06-09T21:02:06","slug":"la-economia-global-se-contraera-mas-del-5-este-ano","status":"publish","type":"post","link":"https:\/\/notiissa.mx\/?p=25203","title":{"rendered":"La econom\u00eda global se contraer\u00e1 m\u00e1s del 5 % este a\u00f1o"},"content":{"rendered":"\n<p>El Banco Mundial anuncia un \u00abimpacto s\u00fabito y generalizado\u00bb de la pandemia de coronavirus en la econom\u00eda mundial. \u00a0\u00a0      <\/p>\n\n\n\n<p>El Banco Mundial ha anunciado que el producto interno bruto (PIB) global <strong>se reducir\u00e1 un 5,2 %<\/strong>  este a\u00f1o. El descenso responde a la suspensi\u00f3n de actividades que se  adopt\u00f3 para contener el avance de la pandemia a nivel internacional.<\/p>\n\n\n\n<p>Seg\u00fan  la edici\u00f3n de junio de 2020 del informe Perspectivas Econ\u00f3micas  Mundiales de la instituci\u00f3n financiera, esta disminuci\u00f3n ser\u00eda \u00abla peor  recesi\u00f3n desde la Segunda Guerra Mundial\u00bb. Adem\u00e1s, los expertos  se\u00f1alaron que es \u00abla primera vez desde 1870 en que tantas econom\u00edas  experimentar\u00edan una <strong>disminuci\u00f3n del producto per c\u00e1pita<\/strong>\u00ab.<\/p>\n\n\n\n<p>En este sentido, se vaticina que el ingreso que recibe, en promedio, \ncada uno de los habitantes de un pa\u00eds bajar\u00eda un 3,6 %, lo que empujar\u00eda\n a millones de personas a la <strong>pobreza extrema<\/strong> durante \neste a\u00f1o. \u00abEsta es una perspectiva profundamente aleccionadora, con la \nposibilidad de que la crisis deje cicatrices duraderas y plantee \nimportantes desaf\u00edos mundiales\u00bb, se\u00f1al\u00f3 la vicepresidenta de Crecimiento\n Equitativo del organismo, Ceyla Pazarbasioglu.<\/p>\n\n\n\n<p>Por otra parte, el\n Banco Mundial prev\u00e9 que la actividad de las econom\u00edas avanzadas se \ncontraer\u00e1 un 7 % en 2020. Asimismo, se espera que los <strong>mercados emergentes y las econom\u00edas en desarrollo<\/strong> se contraigan un 2,5 % durante este periodo, reflejando \u00absu primera contracci\u00f3n como grupo en al menos 60 a\u00f1os\u00bb.<\/p>\n\n\n\n<p>Asimismo, la instituci\u00f3n internacional advirti\u00f3 que Am\u00e9rica Latina, Europa y Asia Central enfrentan riesgos de <strong>\u00abefectos indirectos globales\u00bb<\/strong> debido a la gran dependencia del comercio, el turismo y los productos b\u00e1sicos.<\/p>\n\n\n\n<h3 class=\"wp-block-heading\">\u00bfCu\u00e1ndo va a mejorar la econom\u00eda mundial?<\/h3>\n\n\n\n<p>De acuerdo a las \nprevisiones del Banco Mundial, \u00ablas repercusiones negativas\u00bb a nivel \nglobal \u00abperder\u00e1n intensidad durante la segunda mitad del a\u00f1o\u00bb. El \ninforme considera que el <strong>crecimiento econ\u00f3mico repuntar\u00eda un 4,2 %<\/strong> en 2021.<\/p>\n\n\n\n<p>Sin  embargo, la instituci\u00f3n aclar\u00f3 que \u00ablas perspectivas son sumamente  inciertas y predominan los riesgos de que la situaci\u00f3n empeore\u00bb, tomando  en cuenta la posibilidad de que el brote de covid-19 contin\u00fae por m\u00e1s  tiempo. Bajo esta premisa, la econom\u00eda mundial incluso podr\u00eda contraerse<strong> hasta un 8 %<\/strong> este a\u00f1o.<\/p>\n\n\n\n<p>RT<\/p>\n\n\n\n<p>    <\/p>\n","protected":false},"excerpt":{"rendered":"<p>El Banco Mundial anuncia un \u00abimpacto s\u00fabito y generalizado\u00bb de la pandemia de coronavirus en la econom\u00eda mundial. \u00a0\u00a0 El Banco Mundial ha anunciado que el producto interno bruto (PIB) global se reducir\u00e1 un 5,2 % este a\u00f1o. El descenso responde a la suspensi\u00f3n de actividades que se adopt\u00f3 para contener el avance de la [&hellip;]<\/p>\n","protected":false},"author":1,"featured_media":25204,"comment_status":"open","ping_status":"open","sticky":false,"template":"","format":"standard","meta":{"rop_custom_images_group":[],"rop_custom_messages_group":[],"rop_publish_now":"initial","rop_publish_now_accounts":[],"rop_publish_now_history":[],"rop_publish_now_status":"pending","footnotes":""},"categories":[61],"tags":[],"class_list":["post-25203","post","type-post","status-publish","format-standard","has-post-thumbnail","hentry","category-economia"],"_links":{"self":[{"href":"https:\/\/notiissa.mx\/index.php?rest_route=\/wp\/v2\/posts\/25203","targetHints":{"allow":["GET"]}}],"collection":[{"href":"https:\/\/notiissa.mx\/index.php?rest_route=\/wp\/v2\/posts"}],"about":[{"href":"https:\/\/notiissa.mx\/index.php?rest_route=\/wp\/v2\/types\/post"}],"author":[{"embeddable":true,"href":"https:\/\/notiissa.mx\/index.php?rest_route=\/wp\/v2\/users\/1"}],"replies":[{"embeddable":true,"href":"https:\/\/notiissa.mx\/index.php?rest_route=%2Fwp%2Fv2%2Fcomments&post=25203"}],"version-history":[{"count":1,"href":"https:\/\/notiissa.mx\/index.php?rest_route=\/wp\/v2\/posts\/25203\/revisions"}],"predecessor-version":[{"id":25205,"href":"https:\/\/notiissa.mx\/index.php?rest_route=\/wp\/v2\/posts\/25203\/revisions\/25205"}],"wp:featuredmedia":[{"embeddable":true,"href":"https:\/\/notiissa.mx\/index.php?rest_route=\/wp\/v2\/media\/25204"}],"wp:attachment":[{"href":"https:\/\/notiissa.mx\/index.php?rest_route=%2Fwp%2Fv2%2Fmedia&parent=25203"}],"wp:term":[{"taxonomy":"category","embeddable":true,"href":"https:\/\/notiissa.mx\/index.php?rest_route=%2Fwp%2Fv2%2Fcategories&post=25203"},{"taxonomy":"post_tag","embeddable":true,"href":"https:\/\/notiissa.mx\/index.php?rest_route=%2Fwp%2Fv2%2Ftags&post=25203"}],"curies":[{"name":"wp","href":"https:\/\/api.w.org\/{rel}","templated":true}]}}