{"id":25069,"date":"2020-06-05T19:58:15","date_gmt":"2020-06-05T19:58:15","guid":{"rendered":"http:\/\/notiissa.mx\/?p=25069"},"modified":"2020-06-05T19:58:16","modified_gmt":"2020-06-05T19:58:16","slug":"elon-musk-plantea-que-es-hora-de-dividir-amazon-y-se-posiciona-en-contra-de-los-monopolios","status":"publish","type":"post","link":"https:\/\/notiissa.mx\/?p=25069","title":{"rendered":"Elon Musk plantea que \u00abes hora de dividir Amazon\u00bb y se posiciona en contra de los monopolios"},"content":{"rendered":"\n<p>El empresario hizo la afirmaci\u00f3n a trav\u00e9s de su cuenta de Twitter.  <\/p>\n\n\n\n<p>El fundador de Tesla, Elon Musk, opin\u00f3 que ha llegado  la hora de dividir Amazon y manifest\u00f3 su rechazo al monopolio que ha  constituido esa compa\u00f1\u00eda. El empresario estadounidense hizo el  comentario a trav\u00e9s de su cuenta de Twitter.\u00a0<\/p>\n\n\n\n<p>\u00abEsto es una locura, Jeff Bezos\u00bb,\u00a0escribi\u00f3\u00a0Musk, etiquetando en su publicaci\u00f3n al director ejecutivo de la s\u00faper empresa. \u00ab<strong>Es hora de\u00a0dividir Amazon<\/strong>.\u00a0\u00a1Los monopolios est\u00e1n mal!\u00bb, agreg\u00f3 en otro tuit.<\/p>\n\n\n\n<p>El mensaje de Musk lleg\u00f3 en respuesta a un tuit del  escritor\u00a0Alex Berenson, quien public\u00f3 la captura de pantalla de un  correo electr\u00f3nico en el que Amazon indicaba que su libro sobre la  pandemia no cumpl\u00eda con las pautas de la empresa y que su venta hab\u00eda  sido <strong>censurada<\/strong>. No obstante, no mucho m\u00e1s tarde  Berenson comunic\u00f3 que la empresa finalmente acept\u00f3 publicar en su p\u00e1gina  web su\u00a0obra titulada &#8216;Verdades no reportadas sobre el covid-19 y  encierros&#8217; y que se disculp\u00f3 \u00abpor la molestia\u00bb.<\/p>\n\n\n\n<p>\u00abParece oficial: \u00a1Amazon <strong>retrocedi\u00f3<\/strong>!  Por supuesto, no s\u00e9 qu\u00e9 har\u00e1 alguien que no tenga a Elon Musk y tantos  otros que presionen, pero al menos esta vez se echaron atr\u00e1s\u00bb, comunic\u00f3 el autor en las redes sociales.<\/p>\n\n\n\n<p><\/p>\n\n\n\n<p>              <\/p>\n","protected":false},"excerpt":{"rendered":"<p>El empresario hizo la afirmaci\u00f3n a trav\u00e9s de su cuenta de Twitter. El fundador de Tesla, Elon Musk, opin\u00f3 que ha llegado la hora de dividir Amazon y manifest\u00f3 su rechazo al monopolio que ha constituido esa compa\u00f1\u00eda. El empresario estadounidense hizo el comentario a trav\u00e9s de su cuenta de Twitter.\u00a0 \u00abEsto es una locura, [&hellip;]<\/p>\n","protected":false},"author":1,"featured_media":25070,"comment_status":"open","ping_status":"open","sticky":false,"template":"","format":"standard","meta":{"rop_custom_images_group":[],"rop_custom_messages_group":[],"rop_publish_now":"initial","rop_publish_now_accounts":[],"rop_publish_now_history":[],"rop_publish_now_status":"pending","footnotes":""},"categories":[61,60],"tags":[],"class_list":["post-25069","post","type-post","status-publish","format-standard","has-post-thumbnail","hentry","category-economia","category-sonnoticia"],"_links":{"self":[{"href":"https:\/\/notiissa.mx\/index.php?rest_route=\/wp\/v2\/posts\/25069","targetHints":{"allow":["GET"]}}],"collection":[{"href":"https:\/\/notiissa.mx\/index.php?rest_route=\/wp\/v2\/posts"}],"about":[{"href":"https:\/\/notiissa.mx\/index.php?rest_route=\/wp\/v2\/types\/post"}],"author":[{"embeddable":true,"href":"https:\/\/notiissa.mx\/index.php?rest_route=\/wp\/v2\/users\/1"}],"replies":[{"embeddable":true,"href":"https:\/\/notiissa.mx\/index.php?rest_route=%2Fwp%2Fv2%2Fcomments&post=25069"}],"version-history":[{"count":1,"href":"https:\/\/notiissa.mx\/index.php?rest_route=\/wp\/v2\/posts\/25069\/revisions"}],"predecessor-version":[{"id":25071,"href":"https:\/\/notiissa.mx\/index.php?rest_route=\/wp\/v2\/posts\/25069\/revisions\/25071"}],"wp:featuredmedia":[{"embeddable":true,"href":"https:\/\/notiissa.mx\/index.php?rest_route=\/wp\/v2\/media\/25070"}],"wp:attachment":[{"href":"https:\/\/notiissa.mx\/index.php?rest_route=%2Fwp%2Fv2%2Fmedia&parent=25069"}],"wp:term":[{"taxonomy":"category","embeddable":true,"href":"https:\/\/notiissa.mx\/index.php?rest_route=%2Fwp%2Fv2%2Fcategories&post=25069"},{"taxonomy":"post_tag","embeddable":true,"href":"https:\/\/notiissa.mx\/index.php?rest_route=%2Fwp%2Fv2%2Ftags&post=25069"}],"curies":[{"name":"wp","href":"https:\/\/api.w.org\/{rel}","templated":true}]}}