{"id":24982,"date":"2020-06-04T02:33:41","date_gmt":"2020-06-04T02:33:41","guid":{"rendered":"http:\/\/notiissa.mx\/?p=24982"},"modified":"2020-06-04T02:33:42","modified_gmt":"2020-06-04T02:33:42","slug":"afectara-recorte-presupuestal-patrimonio-natural-de-la-nacion","status":"publish","type":"post","link":"https:\/\/notiissa.mx\/?p=24982","title":{"rendered":"Afectar\u00e1 recorte presupuestal patrimonio natural de la naci\u00f3n"},"content":{"rendered":"\n<p> Jorge Martinez Cedillo.<\/p>\n\n\n\n<p>En el marco del D\u00eda Mundial del Medio Ambiente se enfrenta el desmantelamiento de la CONANP y al desarrollo sustentable de comunidades.<\/p>\n\n\n\n<p>\u00b7El ajuste al presupuesto significar\u00e1 la desaparici\u00f3n de proyectos productivos .<\/p>\n\n\n\n<p>La reducci\u00f3n\npresupuestal de 75 por ciento para gastos operativos que se public\u00f3 en el\nDecreto del 23 de abril por el Ejecutivo Federal afectar\u00e1 el patrimonio de la\nnaci\u00f3n y paralizar\u00e1 las actividades fundamentales que realiza la Comisi\u00f3n\nNacional de \u00c1reas Naturales Protegidas (CONANP).<\/p>\n\n\n\n<p>En el marco\nde la conmemoraci\u00f3n del d\u00eda Mundial del Medio Ambiente este 5 de junio, organizaciones\nambientalistas acusaron que el ajuste al presupuesto que anunci\u00f3 el Presidente\nde M\u00e9xico, Andr\u00e9s Manuel L\u00f3pez Obrador significar\u00e1 la desaparici\u00f3n de proyectos\nproductivos con las comunidades, atenci\u00f3n de incendios y la falta de protecci\u00f3n\nde sitios fundamentales que proveen el agua en las ciudades, entre otras\nconsecuencias.<\/p>\n\n\n\n<p>Seg\u00fan el\nReporte del Impacto Econ\u00f3mico del Cambio Clim\u00e1tico en M\u00e9xico, del Centro de\nEstudios para el Desarrollo Rural sustentable y la Soberan\u00eda Alimentaria de la\nC\u00e1mara de Diputados nuestro pa\u00eds es altamente vulnerable a los efectos del\ncambio clim\u00e1tico, por lo que es indispensable proteger las \u00e1reas naturales que\nson un factor primordial para reducir nuestra vulnerabilidad.<\/p>\n\n\n\n<p>Los\nprincipales impactos a que se refiere el documento son, entre otros, la\ndisminuci\u00f3n, desde hace medio siglo, de la precipitaci\u00f3n pluvial en la regi\u00f3n\nsureste del pa\u00eds y se ha registrado un aumento de huracanes, sequ\u00edas, deslaves,\ntemperaturas extremas y lluvias torrenciales, inundaciones e incendios lo que\nha ocasionado altos costos sociales y econ\u00f3micos.<\/p>\n\n\n\n<p>Asimismo, en\nnuestro pa\u00eds existen dos mil 583 especies que est\u00e1n en peligro o riesgo de\nextinci\u00f3n, debido a la transformaci\u00f3n y degradaci\u00f3n de los ecosistemas, lo que\nafecta, sobre todo, a los bosques tropicales.<\/p>\n\n\n\n<p>De esta\nforma, al rededor del 67 por ciento de los bosques en nuestro pa\u00eds est\u00e1n\nfragmentados y, por lo tanto, hay una reducci\u00f3n en la calidad y cantidad de los\nh\u00e1bitats silvestres y en 2016 la tasa estimada de deforestaci\u00f3n de manglar\ngener\u00f3 alrededor del 10 por ciento de las emisiones globales de carbono por\na\u00f1o.<\/p>\n\n\n\n<p>Por lo\nanterior, las organizaciones de la sociedad civil conmemoran el D\u00eda Mundial del\nMedio Ambiente y el 20 Aniversario de la Comisi\u00f3n Nacional de \u00c1reas Naturales\nProtegidas, con la exigencia de que hoy m\u00e1s que nunca es fundamental no\npermitir el recorte presupuestal que pone en riesgo nuestro patrimonio natural\ny el futuro de nuestra sociedad.<\/p>\n\n\n\n<p>Desmantelamiento de la CONANP afectar\u00e1 el desarrollo sustentable de las comunidades.<\/p>\n\n\n\n<p>El desmantelamiento\nde la Comisi\u00f3n Nacional de \u00c1reas Naturales Protegidas (CONANP) que se generar\u00e1\ncon el 75 por ciento de la reducci\u00f3n de su presupuesto operativo afectar\u00e1 el\ndesarrollo sustentable de las comunidades que le han apostado al impulso de\nactividades como ganader\u00eda regenerativa, pesca responsable y turismo de\nnaturaleza, entre otros, donde, adem\u00e1s, hay ejemplos \u00fanicos de gobernanza y\nacuerdos sociales.&nbsp; <\/p>\n\n\n\n<p>Cabe\nrecordar que la CONANP es la instituci\u00f3n encargada de administrar los sitios\necol\u00f3gicos m\u00e1s importantes del pa\u00eds: las \u00e1reas naturales protegidas, como el\nCa\u00f1\u00f3n del Sumidero, el Nevado de Toluca, la Selva Lacandona y las Cumbres de\nMonterrey. Se cre\u00f3 el 05 de junio del 2000 y el pr\u00f3ximo viernes cumple 20 a\u00f1os.<\/p>\n\n\n\n<p>Las\norganizaciones se\u00f1alaron que hoy m\u00e1s que nunca es fundamental que la sociedad\nrespalde a la CONANP y detener su desmantelamiento operativo y de personal,\nresultado de continuos recortes presupuestales desde hace 10 a\u00f1os.<\/p>\n\n\n\n<p>Actualmente,\nla disminuci\u00f3n de recursos pone a la instituci\u00f3n en una situaci\u00f3n cr\u00edtica para\nlograr su misi\u00f3n de protecci\u00f3n de especies, combate a incendios, y desarrollo\ncomunitario sustentable. <\/p>\n\n\n\n<p>El decreto\ndel pasado 23 de abril significa una paralizaci\u00f3n de las actividades\nfundamentales que hace este organismo dependiente de la Secretar\u00eda de Medio\nAmbiente y Recursos Naturales (Semarnat). <\/p>\n\n\n\n<p>Por lo anterior se solicita a la ciudadan\u00eda solidarizarse y compartir este mensaje entre tus contactos y tus redes con los siguientes hashtags: #SoyCONANP #ConservarParaVivir #NoAlosDespidos #NoMasRecortes.<\/p>\n\n\n\n<p> Las declaraciones y opiniones expresadas en este art\u00edculo son de  exclusiva investigaci\u00f3n y responsabilidad de su autor.              <\/p>\n\n\n\n<p><\/p>\n\n\n\n<p><\/p>\n\n\n\n<p><\/p>\n\n\n\n<p><\/p>\n","protected":false},"excerpt":{"rendered":"<p>Jorge Martinez Cedillo. En el marco del D\u00eda Mundial del Medio Ambiente se enfrenta el desmantelamiento de la CONANP y al desarrollo sustentable de comunidades. \u00b7El ajuste al presupuesto significar\u00e1 la desaparici\u00f3n de proyectos productivos . La reducci\u00f3n presupuestal de 75 por ciento para gastos operativos que se public\u00f3 en el Decreto del 23 de [&hellip;]<\/p>\n","protected":false},"author":1,"featured_media":24983,"comment_status":"open","ping_status":"open","sticky":false,"template":"","format":"standard","meta":{"rop_custom_images_group":[],"rop_custom_messages_group":[],"rop_publish_now":"initial","rop_publish_now_accounts":[],"rop_publish_now_history":[],"rop_publish_now_status":"pending","footnotes":""},"categories":[75,61,77],"tags":[],"class_list":["post-24982","post","type-post","status-publish","format-standard","has-post-thumbnail","hentry","category-actualidad","category-economia","category-ni-lectoris"],"_links":{"self":[{"href":"https:\/\/notiissa.mx\/index.php?rest_route=\/wp\/v2\/posts\/24982","targetHints":{"allow":["GET"]}}],"collection":[{"href":"https:\/\/notiissa.mx\/index.php?rest_route=\/wp\/v2\/posts"}],"about":[{"href":"https:\/\/notiissa.mx\/index.php?rest_route=\/wp\/v2\/types\/post"}],"author":[{"embeddable":true,"href":"https:\/\/notiissa.mx\/index.php?rest_route=\/wp\/v2\/users\/1"}],"replies":[{"embeddable":true,"href":"https:\/\/notiissa.mx\/index.php?rest_route=%2Fwp%2Fv2%2Fcomments&post=24982"}],"version-history":[{"count":1,"href":"https:\/\/notiissa.mx\/index.php?rest_route=\/wp\/v2\/posts\/24982\/revisions"}],"predecessor-version":[{"id":24984,"href":"https:\/\/notiissa.mx\/index.php?rest_route=\/wp\/v2\/posts\/24982\/revisions\/24984"}],"wp:featuredmedia":[{"embeddable":true,"href":"https:\/\/notiissa.mx\/index.php?rest_route=\/wp\/v2\/media\/24983"}],"wp:attachment":[{"href":"https:\/\/notiissa.mx\/index.php?rest_route=%2Fwp%2Fv2%2Fmedia&parent=24982"}],"wp:term":[{"taxonomy":"category","embeddable":true,"href":"https:\/\/notiissa.mx\/index.php?rest_route=%2Fwp%2Fv2%2Fcategories&post=24982"},{"taxonomy":"post_tag","embeddable":true,"href":"https:\/\/notiissa.mx\/index.php?rest_route=%2Fwp%2Fv2%2Ftags&post=24982"}],"curies":[{"name":"wp","href":"https:\/\/api.w.org\/{rel}","templated":true}]}}