{"id":24924,"date":"2020-06-02T21:42:47","date_gmt":"2020-06-02T21:42:47","guid":{"rendered":"http:\/\/notiissa.mx\/?p=24924"},"modified":"2020-06-02T21:42:48","modified_gmt":"2020-06-02T21:42:48","slug":"continuan-terapias-a-usuarios-del-gimnasio-de-deporte-adaptado-por-internet","status":"publish","type":"post","link":"https:\/\/notiissa.mx\/?p=24924","title":{"rendered":"Contin\u00faan terapias a usuarios del Gimnasio de Deporte Adaptado por internet"},"content":{"rendered":"\n<p> El Instituto Municipal de Cultura F\u00edsica y Deporte Municipal contin\u00faa atendiendo a usuarios del Gimnasio de Deporte Adaptado con  contenidos a trav\u00e9s de plataformas digitales, luego de limitar las  terapias de forma f\u00edsica a causa de la contingencia sanitaria.<\/p>\n\n\n\n<p>Antonio Rosales, \nsubdirector de Deporte Adaptado dio a conocer que la crisis sanitaria a \ncausa de la pandemia del COVID-19, ha mermado las condiciones de \nusuarios con discapacidad al igual que, se han visto afectado los \nestados cognitivos y mentales por la jornada de distanciamiento social.<\/p>\n\n\n\n<p>Abund\u00f3, en que todos los \ninstructores atienden a sus pacientes en la medida de lo posible de \nforma diaria a trav\u00e9s de videos en redes sociales como whatsapp y \nFacebook.<\/p>\n\n\n\n<p>A trav\u00e9s de video \nllamadas, Irene Ar\u00e1mbula psic\u00f3loga en el Gimnasio Adaptado ha atendido \nusuarios acompa\u00f1ados de padres de familia, que por diversas situaciones \nhan necesito el apoyo psicol\u00f3gico a causa del estr\u00e9s, ansiedad, \nfrustraci\u00f3n y soledad, a quienes les han brindado consejos de \nrespiraci\u00f3n y pr\u00e1cticas de meditaci\u00f3n para trabajar antes de dormir y el\n respectivo monitoreo.<\/p>\n\n\n\n<p>Por otro lado, por medio \nde los grupos matutinos y vespertinos de zumba a cargo de Nancy Morales,\n se env\u00edan rutinas de activaci\u00f3n de baile dirigido a j\u00f3venes, \nacompa\u00f1ados del apoyo de sus madres y padres con el objetivo de seguir \nfortaleciendo los m\u00fasculos y ritmo cardiacos en usuarios.<\/p>\n\n\n\n<p>Rosales a\u00f1adi\u00f3 que estas \ncircunstancias no son suficientes para atender a los y las usuarias con \ndiscapacidad, por lo que siguen trabajando para que no se detengan las \natenciones hacia estos p\u00fablicos.<\/p>\n\n\n\n<p>Cabe mencionar que, en el\n pasado D\u00eda del Desaf\u00edo, la asociaci\u00f3n de J\u00f3venes en Movimiento tuvo una\n importante participaci\u00f3n con la activaci\u00f3n de m\u00e1s de 70 j\u00f3venes a \ntrav\u00e9s del baile, activaci\u00f3n f\u00edsica entre otras.<\/p>\n\n\n\n<p>Rosales record\u00f3 la \ndisponibilidad de servicios para usuarios que as\u00ed lo requiera, en el \nacompa\u00f1amiento psicol\u00f3gico o f\u00edsico, quienes podr\u00e1n comunicarse \ndirectamente en los chats de los instructores o a trav\u00e9s de las p\u00e1ginas \nde Facebook del Gimnasio de Deporte Adaptado o el Instituto Municipal de\n Cultura F\u00edsica y Deporte.&nbsp;<\/p>\n","protected":false},"excerpt":{"rendered":"<p>El Instituto Municipal de Cultura F\u00edsica y Deporte Municipal contin\u00faa atendiendo a usuarios del Gimnasio de Deporte Adaptado con contenidos a trav\u00e9s de plataformas digitales, luego de limitar las terapias de forma f\u00edsica a causa de la contingencia sanitaria. Antonio Rosales, subdirector de Deporte Adaptado dio a conocer que la crisis sanitaria a causa de [&hellip;]<\/p>\n","protected":false},"author":1,"featured_media":24925,"comment_status":"open","ping_status":"open","sticky":false,"template":"","format":"standard","meta":{"rop_custom_images_group":[],"rop_custom_messages_group":[],"rop_publish_now":"initial","rop_publish_now_accounts":[],"rop_publish_now_history":[],"rop_publish_now_status":"pending","footnotes":""},"categories":[67,71],"tags":[23],"class_list":["post-24924","post","type-post","status-publish","format-standard","has-post-thumbnail","hentry","category-ciudad","category-salud","tag-destacado"],"_links":{"self":[{"href":"https:\/\/notiissa.mx\/index.php?rest_route=\/wp\/v2\/posts\/24924","targetHints":{"allow":["GET"]}}],"collection":[{"href":"https:\/\/notiissa.mx\/index.php?rest_route=\/wp\/v2\/posts"}],"about":[{"href":"https:\/\/notiissa.mx\/index.php?rest_route=\/wp\/v2\/types\/post"}],"author":[{"embeddable":true,"href":"https:\/\/notiissa.mx\/index.php?rest_route=\/wp\/v2\/users\/1"}],"replies":[{"embeddable":true,"href":"https:\/\/notiissa.mx\/index.php?rest_route=%2Fwp%2Fv2%2Fcomments&post=24924"}],"version-history":[{"count":1,"href":"https:\/\/notiissa.mx\/index.php?rest_route=\/wp\/v2\/posts\/24924\/revisions"}],"predecessor-version":[{"id":24926,"href":"https:\/\/notiissa.mx\/index.php?rest_route=\/wp\/v2\/posts\/24924\/revisions\/24926"}],"wp:featuredmedia":[{"embeddable":true,"href":"https:\/\/notiissa.mx\/index.php?rest_route=\/wp\/v2\/media\/24925"}],"wp:attachment":[{"href":"https:\/\/notiissa.mx\/index.php?rest_route=%2Fwp%2Fv2%2Fmedia&parent=24924"}],"wp:term":[{"taxonomy":"category","embeddable":true,"href":"https:\/\/notiissa.mx\/index.php?rest_route=%2Fwp%2Fv2%2Fcategories&post=24924"},{"taxonomy":"post_tag","embeddable":true,"href":"https:\/\/notiissa.mx\/index.php?rest_route=%2Fwp%2Fv2%2Ftags&post=24924"}],"curies":[{"name":"wp","href":"https:\/\/api.w.org\/{rel}","templated":true}]}}