{"id":24887,"date":"2020-06-01T17:03:16","date_gmt":"2020-06-01T17:03:16","guid":{"rendered":"http:\/\/notiissa.mx\/?p=24887"},"modified":"2020-06-01T17:03:17","modified_gmt":"2020-06-01T17:03:17","slug":"las-regiones-tropicales-de-mexico-con-potencial-para-aumento-de-produccion-lechera","status":"publish","type":"post","link":"https:\/\/notiissa.mx\/?p=24887","title":{"rendered":"Las regiones tropicales de M\u00e9xico, con potencial para aumento de producci\u00f3n lechera"},"content":{"rendered":"\n<p><strong>*Hoy se celebra el \u00abD\u00eda Mundial de la Leche\u00bb<\/strong>.<\/p>\n\n\n\n<p><strong>*Los tratados de Libre Comercio, obst\u00e1culo para aumentar producci\u00f3n lechera.<\/strong><\/p>\n\n\n\n<p>En los \u00faltimos meses el consumo nacional de leche de vaca aument\u00f3\nligeramente como efecto de la recomendaci\u00f3n \u00abqu\u00e9date en casa\u00bb, aunque\nhay pocas esperanzas de que as\u00ed contin\u00fae una vez superada la etapa cr\u00edtica de\nla pandemia del Coronavirus 19. <\/p>\n\n\n\n<p>Al celebrarse hoy el \u00abD\u00eda Mundial de la Leche\u00bb, \u00c1lvaro Gonz\u00e1lez\nMu\u00f1oz, dirigente del Frente Nacional de Productores y Consumidores de Leche,\nexpres\u00f3 que, a pesar de que este alimento es reconocido como el m\u00e1s nutritivo y\ncompleto por organismos del Sistema de Naciones Unidas, como la FAO y la OMS,\nlas autoridades mexicanas permiten la importaci\u00f3n de \u00abl\u00e1cteos\u00bb\nadulterados que se comercializan como leche a precios superiores.<\/p>\n\n\n\n<p>Los productores nacionales somos capaces de lograr la autosuficiencia en\nleche, dijo, y a\u00f1adi\u00f3 que \u00ablo hemos demostrado con un promedio anual de una\nproducci\u00f3n de 12 mil millones de litros, y una calidad nutritiva incluso\nsuperior a la leche en polvo que se importa a altos costos, mayores a los que\naqu\u00ed nos pagan por nuestro producto.<\/p>\n\n\n\n<p>A nivel nacional operan alrededor de 200 mil unidades productivas, con\nm\u00e1s de 2 millones de vacas estabuladas, con \u00edndices crecientes de productividad\ny calidad.<\/p>\n\n\n\n<p>En otro orden, manifest\u00f3 que las zonas tropicales del pa\u00eds contin\u00faan como\nlas de mayor potencial productivo. Cuentan con recursos naturales donde es\nposible invertir con rendimientos por arriba de otras entidades, como en el altiplano.\n<\/p>\n\n\n\n<p>Reconoci\u00f3 que es necesario intensificar programas de nutrici\u00f3n animal,\nmejoramiento gen\u00e9tico, sanidad y de distribuci\u00f3n de vaquillas de reposici\u00f3n,\nas\u00ed como centros de captaci\u00f3n del producto y de procesamiento de l\u00e1cteos. <\/p>\n\n\n\n<p>Coment\u00f3 \u00c1lvaro Gonz\u00e1lez la importancia de mayor apoyo institucional v\u00eda\npol\u00edticas p\u00fablicas, infraestructura y tecnolog\u00eda, a fin de dar mayor valor\nagregado a todo tipo de l\u00e1cteos.<\/p>\n","protected":false},"excerpt":{"rendered":"<p>*Hoy se celebra el \u00abD\u00eda Mundial de la Leche\u00bb. *Los tratados de Libre Comercio, obst\u00e1culo para aumentar producci\u00f3n lechera. En los \u00faltimos meses el consumo nacional de leche de vaca aument\u00f3 ligeramente como efecto de la recomendaci\u00f3n \u00abqu\u00e9date en casa\u00bb, aunque hay pocas esperanzas de que as\u00ed contin\u00fae una vez superada la etapa cr\u00edtica de [&hellip;]<\/p>\n","protected":false},"author":1,"featured_media":24888,"comment_status":"open","ping_status":"open","sticky":false,"template":"","format":"standard","meta":{"rop_custom_images_group":[],"rop_custom_messages_group":[],"rop_publish_now":"initial","rop_publish_now_accounts":[],"rop_publish_now_history":[],"rop_publish_now_status":"pending","footnotes":""},"categories":[61,77],"tags":[23],"class_list":["post-24887","post","type-post","status-publish","format-standard","has-post-thumbnail","hentry","category-economia","category-ni-lectoris","tag-destacado"],"_links":{"self":[{"href":"https:\/\/notiissa.mx\/index.php?rest_route=\/wp\/v2\/posts\/24887","targetHints":{"allow":["GET"]}}],"collection":[{"href":"https:\/\/notiissa.mx\/index.php?rest_route=\/wp\/v2\/posts"}],"about":[{"href":"https:\/\/notiissa.mx\/index.php?rest_route=\/wp\/v2\/types\/post"}],"author":[{"embeddable":true,"href":"https:\/\/notiissa.mx\/index.php?rest_route=\/wp\/v2\/users\/1"}],"replies":[{"embeddable":true,"href":"https:\/\/notiissa.mx\/index.php?rest_route=%2Fwp%2Fv2%2Fcomments&post=24887"}],"version-history":[{"count":1,"href":"https:\/\/notiissa.mx\/index.php?rest_route=\/wp\/v2\/posts\/24887\/revisions"}],"predecessor-version":[{"id":24889,"href":"https:\/\/notiissa.mx\/index.php?rest_route=\/wp\/v2\/posts\/24887\/revisions\/24889"}],"wp:featuredmedia":[{"embeddable":true,"href":"https:\/\/notiissa.mx\/index.php?rest_route=\/wp\/v2\/media\/24888"}],"wp:attachment":[{"href":"https:\/\/notiissa.mx\/index.php?rest_route=%2Fwp%2Fv2%2Fmedia&parent=24887"}],"wp:term":[{"taxonomy":"category","embeddable":true,"href":"https:\/\/notiissa.mx\/index.php?rest_route=%2Fwp%2Fv2%2Fcategories&post=24887"},{"taxonomy":"post_tag","embeddable":true,"href":"https:\/\/notiissa.mx\/index.php?rest_route=%2Fwp%2Fv2%2Ftags&post=24887"}],"curies":[{"name":"wp","href":"https:\/\/api.w.org\/{rel}","templated":true}]}}