{"id":24041,"date":"2020-05-10T01:02:18","date_gmt":"2020-05-10T01:02:18","guid":{"rendered":"http:\/\/notiissa.mx\/?p=24041"},"modified":"2020-05-10T01:02:18","modified_gmt":"2020-05-10T01:02:18","slug":"desempleo-y-pobreza-proximo-azote-de-los-mexicanos","status":"publish","type":"post","link":"https:\/\/notiissa.mx\/?p=24041","title":{"rendered":"Desempleo y pobreza, pr\u00f3ximo azote de los mexicanos"},"content":{"rendered":"\n<p>FACETAS DE M\u00c9XICO.<\/p>\n\n\n\n<p>Pascacio Taboada Cortina\/Jorge Mart\u00ednez Cedillo.<\/p>\n\n\n\n<p>.700 mil empleos menos, hasta este momento.<\/p>\n\n\n\n<p>\u00b7Seg\u00fan el Fondo Monetario Internacional, a fin de a\u00f1o ser\u00e1n cerca de tres millones de desempleados.<\/p>\n\n\n\n<p>La pandemia\ndel Coronavirus 19 y una pol\u00edtica equivocada en materia econ\u00f3mica, sobre todo\nde inversi\u00f3n p\u00fablica por parte del gobierno federal, son causa de que 700 mil\ntrabajadores perdieran su empleo este mismo a\u00f1o. <\/p>\n\n\n\n<p>De acuerdo\ncon una evaluaci\u00f3n del Banco de M\u00e9xico, en el periodo del 13 de marzo y 16 de\nabril, se perdieron 347 mil empleos formales, cifra que es superior a los\nempleos creados en 2019. <\/p>\n\n\n\n<p>Durante una reuni\u00f3n de la Junta de Gobierno del B de M, se hicieron propuestas factibles de promoci\u00f3n de pol\u00edticas p\u00fablicas de manera conjunta y coordinada con empresas privadas, a fin de promover la reactivaci\u00f3n industrial y de servicios, al mismo tiempo que el empleo.<\/p>\n\n\n\n<p>En otro\norden, se se\u00f1al\u00f3 la importancia de impulsar proyectos relacionados con la\ninnovaci\u00f3n tecnol\u00f3gica para hacer frente a un nuevo orden econ\u00f3mico en el\ncontexto mundial, despu\u00e9s de que se hayan superado problemas emergentes\nderivados de la pandemia.<\/p>\n\n\n\n<p>El Fondo Monetario Internacional (FMI) estima que al final del confinamiento, tan solo en este a\u00f1o, se perder\u00e1n cerca de tres millones de empleos, tanto en el sector formal como el informal, lo que generar\u00e1 m\u00e1s pobreza en la poblaci\u00f3n mexicana.<\/p>\n\n\n\n<p> Las declaraciones y opiniones expresadas en este art\u00edculo son de exclusiva investigaci\u00f3n y responsabilidad de su autor.        <\/p>\n","protected":false},"excerpt":{"rendered":"<p>FACETAS DE M\u00c9XICO. Pascacio Taboada Cortina\/Jorge Mart\u00ednez Cedillo. .700 mil empleos menos, hasta este momento. \u00b7Seg\u00fan el Fondo Monetario Internacional, a fin de a\u00f1o ser\u00e1n cerca de tres millones de desempleados. La pandemia del Coronavirus 19 y una pol\u00edtica equivocada en materia econ\u00f3mica, sobre todo de inversi\u00f3n p\u00fablica por parte del gobierno federal, son causa [&hellip;]<\/p>\n","protected":false},"author":1,"featured_media":24042,"comment_status":"open","ping_status":"open","sticky":false,"template":"","format":"standard","meta":{"rop_custom_images_group":[],"rop_custom_messages_group":[],"rop_publish_now":"initial","rop_publish_now_accounts":[],"rop_publish_now_history":[],"rop_publish_now_status":"pending","footnotes":""},"categories":[61,77],"tags":[],"class_list":["post-24041","post","type-post","status-publish","format-standard","has-post-thumbnail","hentry","category-economia","category-ni-lectoris"],"_links":{"self":[{"href":"https:\/\/notiissa.mx\/index.php?rest_route=\/wp\/v2\/posts\/24041","targetHints":{"allow":["GET"]}}],"collection":[{"href":"https:\/\/notiissa.mx\/index.php?rest_route=\/wp\/v2\/posts"}],"about":[{"href":"https:\/\/notiissa.mx\/index.php?rest_route=\/wp\/v2\/types\/post"}],"author":[{"embeddable":true,"href":"https:\/\/notiissa.mx\/index.php?rest_route=\/wp\/v2\/users\/1"}],"replies":[{"embeddable":true,"href":"https:\/\/notiissa.mx\/index.php?rest_route=%2Fwp%2Fv2%2Fcomments&post=24041"}],"version-history":[{"count":1,"href":"https:\/\/notiissa.mx\/index.php?rest_route=\/wp\/v2\/posts\/24041\/revisions"}],"predecessor-version":[{"id":24043,"href":"https:\/\/notiissa.mx\/index.php?rest_route=\/wp\/v2\/posts\/24041\/revisions\/24043"}],"wp:featuredmedia":[{"embeddable":true,"href":"https:\/\/notiissa.mx\/index.php?rest_route=\/wp\/v2\/media\/24042"}],"wp:attachment":[{"href":"https:\/\/notiissa.mx\/index.php?rest_route=%2Fwp%2Fv2%2Fmedia&parent=24041"}],"wp:term":[{"taxonomy":"category","embeddable":true,"href":"https:\/\/notiissa.mx\/index.php?rest_route=%2Fwp%2Fv2%2Fcategories&post=24041"},{"taxonomy":"post_tag","embeddable":true,"href":"https:\/\/notiissa.mx\/index.php?rest_route=%2Fwp%2Fv2%2Ftags&post=24041"}],"curies":[{"name":"wp","href":"https:\/\/api.w.org\/{rel}","templated":true}]}}