{"id":23972,"date":"2020-05-08T01:45:32","date_gmt":"2020-05-08T01:45:32","guid":{"rendered":"http:\/\/notiissa.mx\/?p=23972"},"modified":"2020-05-08T01:45:33","modified_gmt":"2020-05-08T01:45:33","slug":"oscar-chavez","status":"publish","type":"post","link":"https:\/\/notiissa.mx\/?p=23972","title":{"rendered":"\u00d3scar Ch\u00e1vez"},"content":{"rendered":"\n<p>Se fue uno de los grandes.<\/p>\n\n\n\n<p>  <strong>Luis Villegas Montes.<\/strong> <\/p>\n\n\n\n<p>\nHace algunos a\u00f1os escrib\u00ed estas l\u00edneas: \u201c<em>A\n m\u00ed me gusta mucho \u00d3scar Ch\u00e1vez. Enemigo de conciertos multitudinarios, \nhe estado en muy pocos,\n dos o tres, quiz\u00e1. Sin embargo, a don \u00d3scar lo he visto varias veces, \nla \u00faltima, hace dos o tres a\u00f1os, en el Auditorio Nacional. Int\u00e9rprete de\n canciones sabrosas, alegres, reflexivas, melanc\u00f3licas y otras m\u00e1s, \nmuchas, entra\u00f1ables, como \u2018L\u00e1grimas Negras\u2019, \u2018Macondo\u2019\n o \u2018<\/em><em>Por ti\u2019 -la que invariablemente me recuerda\n a mi mam\u00e1 para quien, seg\u00fan su propio dicho, es una de sus canciones preferidas-,\n<\/em><em>\u00d3scar Ch\u00e1vez me parece un referente para abordar el tema de hoy.\n<\/em><em>En una de sus canciones, \u2018La Calaca Flaca\u2019 -no necesariamente\n de las m\u00e1s c\u00e9lebres-, canta:<\/em><em><\/em><\/p>\n\n\n\n<p>\n<em>\u2018<\/em>[\u2026]<em>Tukutuku\n tikitaka que recanija calaca&nbsp;<br>\nAy viene otro presidente a sonarnos la matraca&nbsp;<br>\nViene prometiendo mucho, pero dar\u00e1 pura\u2026tukutuku tikitaka\u2019<\/em>\u201d.<sup>1<\/sup><\/p>\n\n\n\n<p>\nAnda por ah\u00ed un mont\u00f3n de&nbsp;\ngente que sabe de lo que hablo. Me sub\u00eda yo en mi camioneta \ncolorada y era \u00d3scar Ch\u00e1vez y no parar. \u00bfCu\u00e1ntas veces cruc\u00e9 la ciudad \nal festivo sonido de \u201cMacondo\u201d? No lo s\u00e9. S\u00f3lo s\u00e9 de esa ternura de \nv\u00e9rtigo, en la algarab\u00eda de esa suave y melanc\u00f3lica\n sinfon\u00eda de m\u00fasica, de palabras, de im\u00e1genes, de recuerdos\u2026<\/p>\n\n\n\n<p>\nEra a dale y dale con ese so\u00f1ar\nlos cien a\u00f1os de Macondo, so\u00f1arlos, \nso\u00f1arlos en el aire y percibir la tristeza de Aureliano, refocilarse en \nla belleza de Remedios, sumirse en las pasiones de Amaranta y pasmarse \ncon los embrujos de Melqu\u00edades.<\/p>\n\n\n\n<p>\nLas nuevas generaciones no sabr\u00e1n de qu\u00e9 hablo y muchos de aquella otra que me toc\u00f3 vivir a plenitud apenas recordar\u00e1n esas\n letras. A Lola \u2014les comentaba\u2014,\n la recuerdo porque en las\n tertulias era frecuente que pidiera, o cantara, esa \u201cpor ti\u201d que clava \nsus dientecillos en el alma y nos recuerda c\u00f3mo, a veces, la ternura se \nniega con uno, la amargura nos sigue (o la seguimos), se vuelve uno loco\n de celos o se revuelven contra uno sus anhelos.<\/p>\n\n\n\n<p>\nS\u00ed, se fue \u00d3scar Ch\u00e1vez y es hora de recordar esa\n \u201cLa Calaca Flaca\u201d \u2014de\n la que ya les hablaba tambi\u00e9n\u2014 porque esta vez no pudo escap\u00e1rsele\n y s\u00ed, acab\u00f3, como hemos de terminar todos, por estirar la pata. <\/p>\n\n\n\n<p> \u201c<em>Mucho cuidado se\u00f1ores,<br> porque la muerte anda lista,<br> en el Pante\u00f3n de Dolores<br> ya nos tiene una pocita,<br> para los compositores<br> y uno que otro periodista.<br> <br> <\/em> <em>Licenciados y doctores,<br> todos est\u00e1n en la lista<\/em><\/p>\n\n\n\n<p>\n<em>Tuku tuku tiki taka<br>\nQu\u00e9 recanija Calaca,<br>\ncuando menos lo pensamos<br>\nnos hace estirar la pata;<br>\nyo me le escap\u00e9 una vez,<br>\npero por poco y me atrapa<\/em>\u201d.<\/p>\n\n\n\n<p>\nDescanse en paz \u00d3scar \nCh\u00e1vez y vayan con \u00e9l una plegaria y un agradecimiento infinitos porque \npara m\u00ed fue una fuente de placer y de regocijo,\n dif\u00edciles de describir, pues puso a mi alcance una imagen, una \nmet\u00e1fora, un sentimiento, cuando m\u00e1s falta me hac\u00edan; y que de otro modo\n no habr\u00eda podido expresar porque, a veces, nos es que falten (o sobren)\n las palabras, es s\u00f3lo que se agolpan y no hallan\n c\u00f3mo o por d\u00f3nde salir y necesita venir un taumaturgo a alumbrarles el \ncamino.<\/p>\n\n\n\n<p>\nVe con Dios don \u00d3scar y conf\u00edo en que nos veamos luego \u2014no pronto, que conste\u2014, pero s\u00ed uno de estos d\u00edas, total.<\/p>\n\n\n\n<p>\nCont\u00e1cteme a trav\u00e9s de mi correo electr\u00f3nico o s\u00edgame en los medios que gentilmente me publican, en\nFacebook&nbsp;o\n tambi\u00e9n en mi blog: <a rel=\"noreferrer noopener\" target=\"_blank\" href=\"http:\/\/unareflexionpersonal.wordpress.com\/\">http:\/\/unareflexionpersonal.wordpress.com\/<\/a><\/p>\n\n\n\n<p>\n<strong>Luis Villegas Montes.<\/strong><strong><\/strong><\/p>\n\n\n\n<p>\n<a rel=\"noreferrer noopener\" target=\"_blank\" href=\"mailto:luvimo6608@gmail.com\"><strong>luvimo6608@gmail.com<\/strong><\/a><strong>,&nbsp;<\/strong><a rel=\"noreferrer noopener\" target=\"_blank\" href=\"mailto:luvimo6614@hotmail.com\"><strong>luvimo6614@hotmail.com<\/strong><\/a><strong><\/strong><\/p>\n\n\n\n<p>\n<sup>1\n<\/sup>Esc\u00fachela en la siguiente direcci\u00f3n:\n<a rel=\"noreferrer noopener\" target=\"_blank\" href=\"http:\/\/www.youtube.com\/watch?v=I7HFUx93_fo\">http:\/\/www.youtube.com\/watch?v=I7HFUx93_fo<\/a><\/p>\n\n\n\n<p>\n<sup>2\n<\/sup>Esc\u00fachela en la siguiente direcci\u00f3n:\n<a rel=\"noreferrer noopener\" target=\"_blank\" href=\"https:\/\/www.youtube.com\/watch?v=dwaat7C451o\">https:\/\/www.youtube.com\/watch?v=dwaat7C451o<\/a><\/p>\n","protected":false},"excerpt":{"rendered":"<p>Se fue uno de los grandes. Luis Villegas Montes. Hace algunos a\u00f1os escrib\u00ed estas l\u00edneas: \u201cA m\u00ed me gusta mucho \u00d3scar Ch\u00e1vez. Enemigo de conciertos multitudinarios, he estado en muy pocos, dos o tres, quiz\u00e1. Sin embargo, a don \u00d3scar lo he visto varias veces, la \u00faltima, hace dos o tres a\u00f1os, en el Auditorio [&hellip;]<\/p>\n","protected":false},"author":1,"featured_media":23973,"comment_status":"open","ping_status":"open","sticky":false,"template":"","format":"standard","meta":{"rop_custom_images_group":[],"rop_custom_messages_group":[],"rop_publish_now":"initial","rop_publish_now_accounts":[],"rop_publish_now_history":[],"rop_publish_now_status":"pending","footnotes":""},"categories":[77],"tags":[],"class_list":["post-23972","post","type-post","status-publish","format-standard","has-post-thumbnail","hentry","category-ni-lectoris"],"_links":{"self":[{"href":"https:\/\/notiissa.mx\/index.php?rest_route=\/wp\/v2\/posts\/23972","targetHints":{"allow":["GET"]}}],"collection":[{"href":"https:\/\/notiissa.mx\/index.php?rest_route=\/wp\/v2\/posts"}],"about":[{"href":"https:\/\/notiissa.mx\/index.php?rest_route=\/wp\/v2\/types\/post"}],"author":[{"embeddable":true,"href":"https:\/\/notiissa.mx\/index.php?rest_route=\/wp\/v2\/users\/1"}],"replies":[{"embeddable":true,"href":"https:\/\/notiissa.mx\/index.php?rest_route=%2Fwp%2Fv2%2Fcomments&post=23972"}],"version-history":[{"count":1,"href":"https:\/\/notiissa.mx\/index.php?rest_route=\/wp\/v2\/posts\/23972\/revisions"}],"predecessor-version":[{"id":23974,"href":"https:\/\/notiissa.mx\/index.php?rest_route=\/wp\/v2\/posts\/23972\/revisions\/23974"}],"wp:featuredmedia":[{"embeddable":true,"href":"https:\/\/notiissa.mx\/index.php?rest_route=\/wp\/v2\/media\/23973"}],"wp:attachment":[{"href":"https:\/\/notiissa.mx\/index.php?rest_route=%2Fwp%2Fv2%2Fmedia&parent=23972"}],"wp:term":[{"taxonomy":"category","embeddable":true,"href":"https:\/\/notiissa.mx\/index.php?rest_route=%2Fwp%2Fv2%2Fcategories&post=23972"},{"taxonomy":"post_tag","embeddable":true,"href":"https:\/\/notiissa.mx\/index.php?rest_route=%2Fwp%2Fv2%2Ftags&post=23972"}],"curies":[{"name":"wp","href":"https:\/\/api.w.org\/{rel}","templated":true}]}}