{"id":23799,"date":"2020-05-03T00:37:11","date_gmt":"2020-05-03T00:37:11","guid":{"rendered":"http:\/\/notiissa.mx\/?p=23799"},"modified":"2020-05-03T00:37:12","modified_gmt":"2020-05-03T00:37:12","slug":"hoteles-de-riviera-maya-estrenan-medidas-de-higiene-para-turistas","status":"publish","type":"post","link":"https:\/\/notiissa.mx\/?p=23799","title":{"rendered":"Hoteles de Riviera Maya estrenan medidas de higiene para turistas"},"content":{"rendered":"\n<p>Los 200 miembros de la Asociaci\u00f3n de Hoteles de la Riviera \nMaya&nbsp;recibieron capacitaci\u00f3n para reforzar medidas de seguridad e \nhigiene y generar confianza en viajeros que vendr\u00e1n al destino al \nt\u00e9rmino de la pandemia del coronavirus que ha bloqueado los viajes al \nCaribe y al aeropuerto de Canc\u00fan.<\/p>\n\n\n\n<p>\u201cEl d\u00eda que los hoteles vuelvan a abrir sus puertas al turismo, los \nclientes ser\u00e1n mucho m\u00e1s sensibles a las cuestiones relacionadas con la \nhigiene, la limpieza, las desinfecciones y en general, a la seguridad en\n los centros de hospedaje. En este escenario ser\u00e1 primordial contar con \nprogramas y protocolos de seguridad e higiene para atender correctamente\n a los clientes y generar confianza entre nuestros visitantes\u201d, dijo \nConrad Bergwerf, presidente de la Asociaci\u00f3n de Hoteles de la Riviera \nMaya,<\/p>\n\n\n\n<p>Bergwerf inform\u00f3 que realizaron el seminario por internet \u201cMedidas de\n Seguridad e Higiene ante Covid-19, Requerimientos del Mercado Tur\u00edstico\n Internacional\u201d, que busca promover la certificaci\u00f3n POSI-Check para \nayudar al sector hotelero a alcanzar los m\u00e1s altos protocolos en la \nprevenci\u00f3n de la propagaci\u00f3n de infecciones y generar confianza en los \nviajeros al t\u00e9rmino de la actual pandemia.<\/p>\n\n\n\n<p>Esta certificaci\u00f3n, seg\u00fan Sipse, est\u00e1 dise\u00f1ada para formular y \nsupervisar una respuesta eficaz a las infecciones transmisibles en \nhoteles y restaurantes de todo el mundo, medidas recomendadas por \nagrupaciones mundiales de turismoy sanitarias como la Organizaci\u00f3n \nMundial de la Salud (OMS).<\/p>\n\n\n\n<p>La agrupaci\u00f3n hotelera refiri\u00f3 que la auditor\u00eda POSI-Check guiar\u00e1 a \nlos hoteleros y restaurantes para demostrar gesti\u00f3n eficaz para la \nprevenci\u00f3n de infecciones, que beneficiar\u00e1 a la recuperaci\u00f3n de la \nindustria tur\u00edstica en los pr\u00f3ximos meses a medida que el mundo se \nrecuperar\u00e1 de la pandemia por el Covid-19.<\/p>\n\n\n\n<p>\u201cLos expertos prev\u00e9n que una vez que las restricciones de movilidad  comiencen a levantarse, los viajes comenzar\u00e1n a reactivarse, aunque el  ritmo puede ser m\u00e1s lento de lo deseado. Se espera que el turismo  regional y dom\u00e9stico sea el primero en iniciar, entonces, una vez que  las restricciones de viajes de las naciones se suavicen y los destinos  sean considerados como seguros, los viajes y el turismo internacional  iniciar\u00e1 su recuperaci\u00f3n\u201d, dijo por su parte Manuel Paredes, director de  la Asociaci\u00f3n de Hoteles de la Riviera Maya.<\/p>\n\n\n\n<p>Reportur<\/p>\n","protected":false},"excerpt":{"rendered":"<p>Los 200 miembros de la Asociaci\u00f3n de Hoteles de la Riviera Maya&nbsp;recibieron capacitaci\u00f3n para reforzar medidas de seguridad e higiene y generar confianza en viajeros que vendr\u00e1n al destino al t\u00e9rmino de la pandemia del coronavirus que ha bloqueado los viajes al Caribe y al aeropuerto de Canc\u00fan. \u201cEl d\u00eda que los hoteles vuelvan a [&hellip;]<\/p>\n","protected":false},"author":1,"featured_media":23800,"comment_status":"open","ping_status":"open","sticky":false,"template":"","format":"standard","meta":{"rop_custom_images_group":[],"rop_custom_messages_group":[],"rop_publish_now":"initial","rop_publish_now_accounts":[],"rop_publish_now_history":[],"rop_publish_now_status":"pending","footnotes":""},"categories":[66],"tags":[],"class_list":["post-23799","post","type-post","status-publish","format-standard","has-post-thumbnail","hentry","category-estilo-de-vida"],"_links":{"self":[{"href":"https:\/\/notiissa.mx\/index.php?rest_route=\/wp\/v2\/posts\/23799","targetHints":{"allow":["GET"]}}],"collection":[{"href":"https:\/\/notiissa.mx\/index.php?rest_route=\/wp\/v2\/posts"}],"about":[{"href":"https:\/\/notiissa.mx\/index.php?rest_route=\/wp\/v2\/types\/post"}],"author":[{"embeddable":true,"href":"https:\/\/notiissa.mx\/index.php?rest_route=\/wp\/v2\/users\/1"}],"replies":[{"embeddable":true,"href":"https:\/\/notiissa.mx\/index.php?rest_route=%2Fwp%2Fv2%2Fcomments&post=23799"}],"version-history":[{"count":1,"href":"https:\/\/notiissa.mx\/index.php?rest_route=\/wp\/v2\/posts\/23799\/revisions"}],"predecessor-version":[{"id":23801,"href":"https:\/\/notiissa.mx\/index.php?rest_route=\/wp\/v2\/posts\/23799\/revisions\/23801"}],"wp:featuredmedia":[{"embeddable":true,"href":"https:\/\/notiissa.mx\/index.php?rest_route=\/wp\/v2\/media\/23800"}],"wp:attachment":[{"href":"https:\/\/notiissa.mx\/index.php?rest_route=%2Fwp%2Fv2%2Fmedia&parent=23799"}],"wp:term":[{"taxonomy":"category","embeddable":true,"href":"https:\/\/notiissa.mx\/index.php?rest_route=%2Fwp%2Fv2%2Fcategories&post=23799"},{"taxonomy":"post_tag","embeddable":true,"href":"https:\/\/notiissa.mx\/index.php?rest_route=%2Fwp%2Fv2%2Ftags&post=23799"}],"curies":[{"name":"wp","href":"https:\/\/api.w.org\/{rel}","templated":true}]}}