{"id":2369,"date":"2015-06-01T02:43:36","date_gmt":"2015-06-01T02:43:36","guid":{"rendered":"http:\/\/notiissa.mx\/?p=2369"},"modified":"2015-06-01T02:43:36","modified_gmt":"2015-06-01T02:43:36","slug":"el-alejamiento-del-poder","status":"publish","type":"post","link":"https:\/\/notiissa.mx\/?p=2369","title":{"rendered":"El alejamiento del poder"},"content":{"rendered":"<p style=\"text-align: justify;\">Buen inicio de semana a todos nuestros estimados Alter Lectoris desde este su espacio en Notiissa.mx.<br \/>\nEsta semana concluye el periodo de campa\u00f1as electorales y damos a paso a la elecci\u00f3n de los diputados federales en nuestra entidad, en esto cabe la reflexi\u00f3n de llegar a usted como una especie de continuaci\u00f3n al tema que la semana anterior le trajimos en torno a la Atenci\u00f3n Directa, como una propuesta de dignificaci\u00f3n de lo que los ciudadanos requerimos por parte de los servidores p\u00fablicos de todos los niveles.<\/p>\n<p style=\"text-align: justify;\">Elegiremos a legisladores que se deben a nosotros con una \u00e9tica necesaria, que tengan, demuestren y practiquen como valor para la atenci\u00f3n de nuestros conciudadanos m\u00e1s necesitados, aquellos que la mayor\u00eda de las veces requieren de los apoyos gubernamentales y, que en ocasiones, por el alto nivel burocr\u00e1tico, la falta de sensibilidad humana y la autoritaria atenci\u00f3n del servidor p\u00fablico no les llega.<\/p>\n<p style=\"text-align: justify;\">La falta de \u00e9tica del servidor p\u00fablico es lo que hace deficiente su imagen y atenci\u00f3n con los m\u00e1s necesitados, quienes acuden con lo justo para trasladarse a las diversas oficinas para solicitar tr\u00e1mites de apoyo; una vez que carecen de una formaci\u00f3n \u00e9tica y moral; no consultan o ponen en pr\u00e1ctica dentro de nuestro sistema administrativo gubernamental un c\u00f3digo de \u00e9tica formalmente establecido, por ello se presenta este vac\u00edo de valores ontol\u00f3gicos del servidor p\u00fablico.<\/p>\n<p style=\"text-align: justify;\">La Solidaridad afirma la naturaleza social de las personas; el individuo, en efecto, no es capaz de desarrollar su riqueza espiritual al margen de la Sociedad, entonces, se obtiene de una solidaridad innata entre los ciudadanos. En este punto, parte la obligaci\u00f3n de que todos debemos de cooperar al logro del bien com\u00fan; adem\u00e1s\u00a0\u00a0 las autoridades est\u00e1n obligadas a actuar en tal forma que sus disposiciones sean realmente en provecho de la colectividad y no s\u00f3lo de usuarios particulares.<\/p>\n<p style=\"text-align: justify;\">De tal manera podemos expresar que no es dif\u00edcil atender con eficiencia, calidad y amabilidad a los usuarios de todos los estratos sociales sin importar su vestimenta, recomendaci\u00f3n pol\u00edtica u otros aspectos para que sean atendidos con dignidad.<\/p>\n","protected":false},"excerpt":{"rendered":"<p>Buen inicio de semana a todos nuestros estimados Alter Lectoris desde este su espacio en Notiissa.mx. Esta semana concluye el periodo de campa\u00f1as electorales y damos a paso a la elecci\u00f3n de los diputados federales en nuestra entidad, en esto cabe la reflexi\u00f3n de llegar a usted como una especie de continuaci\u00f3n al tema que [&hellip;]<\/p>\n","protected":false},"author":1,"featured_media":2370,"comment_status":"open","ping_status":"open","sticky":false,"template":"","format":"standard","meta":{"rop_custom_images_group":[],"rop_custom_messages_group":[],"rop_publish_now":"initial","rop_publish_now_accounts":[],"rop_publish_now_history":[],"rop_publish_now_status":"pending","footnotes":""},"categories":[75,77],"tags":[],"class_list":["post-2369","post","type-post","status-publish","format-standard","has-post-thumbnail","hentry","category-actualidad","category-ni-lectoris"],"_links":{"self":[{"href":"https:\/\/notiissa.mx\/index.php?rest_route=\/wp\/v2\/posts\/2369","targetHints":{"allow":["GET"]}}],"collection":[{"href":"https:\/\/notiissa.mx\/index.php?rest_route=\/wp\/v2\/posts"}],"about":[{"href":"https:\/\/notiissa.mx\/index.php?rest_route=\/wp\/v2\/types\/post"}],"author":[{"embeddable":true,"href":"https:\/\/notiissa.mx\/index.php?rest_route=\/wp\/v2\/users\/1"}],"replies":[{"embeddable":true,"href":"https:\/\/notiissa.mx\/index.php?rest_route=%2Fwp%2Fv2%2Fcomments&post=2369"}],"version-history":[{"count":1,"href":"https:\/\/notiissa.mx\/index.php?rest_route=\/wp\/v2\/posts\/2369\/revisions"}],"predecessor-version":[{"id":2371,"href":"https:\/\/notiissa.mx\/index.php?rest_route=\/wp\/v2\/posts\/2369\/revisions\/2371"}],"wp:featuredmedia":[{"embeddable":true,"href":"https:\/\/notiissa.mx\/index.php?rest_route=\/wp\/v2\/media\/2370"}],"wp:attachment":[{"href":"https:\/\/notiissa.mx\/index.php?rest_route=%2Fwp%2Fv2%2Fmedia&parent=2369"}],"wp:term":[{"taxonomy":"category","embeddable":true,"href":"https:\/\/notiissa.mx\/index.php?rest_route=%2Fwp%2Fv2%2Fcategories&post=2369"},{"taxonomy":"post_tag","embeddable":true,"href":"https:\/\/notiissa.mx\/index.php?rest_route=%2Fwp%2Fv2%2Ftags&post=2369"}],"curies":[{"name":"wp","href":"https:\/\/api.w.org\/{rel}","templated":true}]}}