{"id":22980,"date":"2020-04-12T00:07:02","date_gmt":"2020-04-12T00:07:02","guid":{"rendered":"http:\/\/notiissa.mx\/?p=22980"},"modified":"2020-04-12T00:07:03","modified_gmt":"2020-04-12T00:07:03","slug":"supervisa-maru-campos-construccion-del-puente-superior-de-la-juventud-y-valle-escondido","status":"publish","type":"post","link":"https:\/\/notiissa.mx\/?p=22980","title":{"rendered":"Supervisa Maru Campos construcci\u00f3n del puente superior  de la Juventud y Valle Escondido"},"content":{"rendered":"\n<p><em>La obra registra un avance de 10 por ciento<\/em>.<\/p>\n\n\n\n<p>Siguen los trabajos sobre el Perif\u00e9rico de \nla Juventud y avenida Valle Escondido con la construcci\u00f3n del paso \nsuperior que a la fecha tiene un avance del 10 por ciento, por lo que la\n presidenta municipal, Maru Campos Galv\u00e1n realiz\u00f3 una visita de \nsupervisi\u00f3n de obra acompa\u00f1ada por el titular de la Direcci\u00f3n de Obras \nP\u00fablicas, Carlos Aguilar, quien explic\u00f3 que actualmente se encuentran \nrealizando trabajos en ambos sentidos en un tramo aproximado de 700 \nmetros.<\/p>\n\n\n\n<p>Durante la tercera semana de labores, se \nrealizaron los primeros trabajos de excavaci\u00f3n en sentido norte a sur en\n los estribos donde inician las rampas de inserci\u00f3n al paso superior, \nadem\u00e1s de la pila n\u00famero dos y cinco. En el sentido sur a norte, se \nfinaliz\u00f3 con la colaci\u00f3n de las zapatas, soportes del puente, adem\u00e1s de \nla colaci\u00f3n del muro para el estribo de desincorporaci\u00f3n del puente.<\/p>\n\n\n\n<p>En esta semana se continuar\u00e1n las \nexcavaciones en sentido norte a sur, adem\u00e1s de colocaci\u00f3n de la primera \nplantilla en dicho sentido, tambi\u00e9n de los armados a base de acero, para\n la construcci\u00f3n de los soportes.<\/p>\n\n\n\n<p>El Gobierno Municipal contin\u00faa invitando a \nla ciudadan\u00eda a tomar v\u00edas alternas, paralelas al Perif\u00e9rico de la \nJuventud, adem\u00e1s de circular con los limites indicados en la zona de \ntrabajo, para una correcta circulaci\u00f3n y tomar el tiempo suficiente para\n evitar el congestionamiento en las laterales del perif\u00e9rico.<\/p>\n","protected":false},"excerpt":{"rendered":"<p>La obra registra un avance de 10 por ciento. Siguen los trabajos sobre el Perif\u00e9rico de la Juventud y avenida Valle Escondido con la construcci\u00f3n del paso superior que a la fecha tiene un avance del 10 por ciento, por lo que la presidenta municipal, Maru Campos Galv\u00e1n realiz\u00f3 una visita de supervisi\u00f3n de obra [&hellip;]<\/p>\n","protected":false},"author":1,"featured_media":22981,"comment_status":"open","ping_status":"open","sticky":false,"template":"","format":"standard","meta":{"rop_custom_images_group":[],"rop_custom_messages_group":[],"rop_publish_now":"initial","rop_publish_now_accounts":[],"rop_publish_now_history":[],"rop_publish_now_status":"pending","footnotes":""},"categories":[67],"tags":[23],"class_list":["post-22980","post","type-post","status-publish","format-standard","has-post-thumbnail","hentry","category-ciudad","tag-destacado"],"_links":{"self":[{"href":"https:\/\/notiissa.mx\/index.php?rest_route=\/wp\/v2\/posts\/22980","targetHints":{"allow":["GET"]}}],"collection":[{"href":"https:\/\/notiissa.mx\/index.php?rest_route=\/wp\/v2\/posts"}],"about":[{"href":"https:\/\/notiissa.mx\/index.php?rest_route=\/wp\/v2\/types\/post"}],"author":[{"embeddable":true,"href":"https:\/\/notiissa.mx\/index.php?rest_route=\/wp\/v2\/users\/1"}],"replies":[{"embeddable":true,"href":"https:\/\/notiissa.mx\/index.php?rest_route=%2Fwp%2Fv2%2Fcomments&post=22980"}],"version-history":[{"count":1,"href":"https:\/\/notiissa.mx\/index.php?rest_route=\/wp\/v2\/posts\/22980\/revisions"}],"predecessor-version":[{"id":22982,"href":"https:\/\/notiissa.mx\/index.php?rest_route=\/wp\/v2\/posts\/22980\/revisions\/22982"}],"wp:featuredmedia":[{"embeddable":true,"href":"https:\/\/notiissa.mx\/index.php?rest_route=\/wp\/v2\/media\/22981"}],"wp:attachment":[{"href":"https:\/\/notiissa.mx\/index.php?rest_route=%2Fwp%2Fv2%2Fmedia&parent=22980"}],"wp:term":[{"taxonomy":"category","embeddable":true,"href":"https:\/\/notiissa.mx\/index.php?rest_route=%2Fwp%2Fv2%2Fcategories&post=22980"},{"taxonomy":"post_tag","embeddable":true,"href":"https:\/\/notiissa.mx\/index.php?rest_route=%2Fwp%2Fv2%2Ftags&post=22980"}],"curies":[{"name":"wp","href":"https:\/\/api.w.org\/{rel}","templated":true}]}}