{"id":22970,"date":"2020-04-11T01:58:15","date_gmt":"2020-04-11T01:58:15","guid":{"rendered":"http:\/\/notiissa.mx\/?p=22970"},"modified":"2020-04-11T01:58:16","modified_gmt":"2020-04-11T01:58:16","slug":"las-escuelas-podrian-reabrir-en-otono-pero-nadie-tiene-una-varita-magica-para-arreglar-la-economia-de-eu-bg","status":"publish","type":"post","link":"https:\/\/notiissa.mx\/?p=22970","title":{"rendered":"\u00abLas escuelas podr\u00edan reabrir en oto\u00f1o, pero nadie tiene una varita m\u00e1gica para arreglar la econom\u00eda de EU\u00bb: BG"},"content":{"rendered":"\n<p> El empresario estim\u00f3 que la naci\u00f3n norteamericana comenzar\u00e1 a regresar a la vida normal a finales de mayo.       <\/p>\n\n\n\n<p>El cofundador de Microsoft,\u00a0Bill Gates, afirm\u00f3 este jueves durante una entrevista con  el canal CNBC que la econom\u00eda de\u00a0EE.UU. no podr\u00e1\u00a0volver m\u00e1gicamente a  su estado anterior a la pandemia de coronavirus, ni siquiera cuando\u00a0el  Gobierno decida que es seguro volver a trabajar.\u00a0<\/p>\n\n\n\n<p>\u00abNadie deber\u00eda  pensar que el Gobierno puede agitar una varita y, de repente, la  econom\u00eda volver\u00e1 a ser como era antes de que esto sucediera. Eso espera  un milagro terap\u00e9utico que tenga una tasa de curaci\u00f3n superior al 95 % o  un amplio uso de la vacuna\u00bb, se\u00f1al\u00f3 el empresario.\u00a0<\/p>\n\n\n\n<p>Gates&nbsp;estim\u00f3 que EE.UU. comenzar\u00e1 a regresar a la vida normal a \nfinales de mayo. El fil\u00e1ntropo opina que, mientras no se descubre una \nvacuna, los pa\u00edses tendr\u00e1n que decidir qu\u00e9&nbsp;sectores son imprescindibles.\n Sugiri\u00f3 que posiblemente se reanudar\u00e1 la actividad de las f\u00e1bricas y de\n la construcci\u00f3n y, quiz\u00e1, se reabrir\u00e1n los centros educativos, pero no \nmucho m\u00e1s.<\/p>\n\n\n\n<p>\u00ab\u00bfC\u00f3mo trazas la l\u00ednea para ese per\u00edodo que ser\u00e1 m\u00e1s largo de lo que queremos que sea?\u00bb, se pregunt\u00f3 el empresario. \u00abEl <strong>Gobierno tendr\u00e1 que&nbsp;aceptar todo el aporte de expertos y crear un nuevo r\u00e9gimen<\/strong>\n para lo que est\u00e1 sucediendo, que es extremadamente sensible a lo bien \nque est\u00e1 funcionando a trav\u00e9s de las pruebas prioritarias de respuesta \nr\u00e1pida\u00bb, dijo Gates.&nbsp;<\/p>\n\n\n\n<h3 class=\"wp-block-heading\">Problemas en&nbsp;escuelas p\u00fablicas<\/h3>\n\n\n\n<p>Actualmente, en los distintos estados de EE.UU. las pol\u00edticas de cierre de escuelas var\u00edan  desde &#8216;cierre recomendado&#8217;, hasta &#8216;cerrado hasta nuevo aviso&#8217; o  &#8216;cerrado por el a\u00f1o acad\u00e9mico&#8217;, seg\u00fan el peri\u00f3dico\u00a0Education Week.\u00a0<\/p>\n\n\n\n<p>Gates, por su parte, sugiri\u00f3 que los centros educativos podr\u00edan \nvolver a sus actividades ya despu\u00e9s del verano.&nbsp;\u00abCreo que las escuelas \npodr\u00e1n reabrirse&nbsp;el oto\u00f1o. Pero no creo que este a\u00f1o escolar haya una \nasistencia significativa. Ya saben, tal vez en verano se haga algo \nespecial. Pero <strong>eso ser\u00eda muy dif\u00edcil<\/strong>\u00ab, dijo Gates.<\/p>\n\n\n\n<p>Al\n mismo tiempo, el empresario destac\u00f3 el problema de que, mientras \nque&nbsp;varias escuelas privadas realizan clases en l\u00ednea y han garantizado a\n todos sus estudiantes el acceso a ordenadores y a Internet, esto no \nsiempre es posible para las escuelas p\u00fablicas, en parte debido a que \nmuchas familias de bajos ingresos <strong>carecen de conexi\u00f3n a Internet<\/strong>.<\/p>\n\n\n\n<p>\u00abEso  es realmente un dilema\u00bb, afirm\u00f3 Gates, agregando al mismo tiempo  que\u00a0fil\u00e1ntropos como el financiero Ray Dalio y el fundador de Amazon,  Jeff Bezos, ahora tratan de hacer que el aprendizaje en l\u00ednea est\u00e9 m\u00e1s  ampliamente disponible.<\/p>\n\n\n\n<p>RT<\/p>\n\n\n\n<p>     <\/p>\n","protected":false},"excerpt":{"rendered":"<p>El empresario estim\u00f3 que la naci\u00f3n norteamericana comenzar\u00e1 a regresar a la vida normal a finales de mayo. El cofundador de Microsoft,\u00a0Bill Gates, afirm\u00f3 este jueves durante una entrevista con el canal CNBC que la econom\u00eda de\u00a0EE.UU. no podr\u00e1\u00a0volver m\u00e1gicamente a su estado anterior a la pandemia de coronavirus, ni siquiera cuando\u00a0el Gobierno decida que [&hellip;]<\/p>\n","protected":false},"author":1,"featured_media":22971,"comment_status":"open","ping_status":"open","sticky":false,"template":"","format":"standard","meta":{"rop_custom_images_group":[],"rop_custom_messages_group":[],"rop_publish_now":"initial","rop_publish_now_accounts":[],"rop_publish_now_history":[],"rop_publish_now_status":"pending","footnotes":""},"categories":[61,60],"tags":[23],"class_list":["post-22970","post","type-post","status-publish","format-standard","has-post-thumbnail","hentry","category-economia","category-sonnoticia","tag-destacado"],"_links":{"self":[{"href":"https:\/\/notiissa.mx\/index.php?rest_route=\/wp\/v2\/posts\/22970","targetHints":{"allow":["GET"]}}],"collection":[{"href":"https:\/\/notiissa.mx\/index.php?rest_route=\/wp\/v2\/posts"}],"about":[{"href":"https:\/\/notiissa.mx\/index.php?rest_route=\/wp\/v2\/types\/post"}],"author":[{"embeddable":true,"href":"https:\/\/notiissa.mx\/index.php?rest_route=\/wp\/v2\/users\/1"}],"replies":[{"embeddable":true,"href":"https:\/\/notiissa.mx\/index.php?rest_route=%2Fwp%2Fv2%2Fcomments&post=22970"}],"version-history":[{"count":1,"href":"https:\/\/notiissa.mx\/index.php?rest_route=\/wp\/v2\/posts\/22970\/revisions"}],"predecessor-version":[{"id":22972,"href":"https:\/\/notiissa.mx\/index.php?rest_route=\/wp\/v2\/posts\/22970\/revisions\/22972"}],"wp:featuredmedia":[{"embeddable":true,"href":"https:\/\/notiissa.mx\/index.php?rest_route=\/wp\/v2\/media\/22971"}],"wp:attachment":[{"href":"https:\/\/notiissa.mx\/index.php?rest_route=%2Fwp%2Fv2%2Fmedia&parent=22970"}],"wp:term":[{"taxonomy":"category","embeddable":true,"href":"https:\/\/notiissa.mx\/index.php?rest_route=%2Fwp%2Fv2%2Fcategories&post=22970"},{"taxonomy":"post_tag","embeddable":true,"href":"https:\/\/notiissa.mx\/index.php?rest_route=%2Fwp%2Fv2%2Ftags&post=22970"}],"curies":[{"name":"wp","href":"https:\/\/api.w.org\/{rel}","templated":true}]}}