{"id":22933,"date":"2020-04-09T23:51:04","date_gmt":"2020-04-09T23:51:04","guid":{"rendered":"http:\/\/notiissa.mx\/?p=22933"},"modified":"2020-04-09T23:51:04","modified_gmt":"2020-04-09T23:51:04","slug":"al-igual-que-espana-francia-extendera-cuarentena","status":"publish","type":"post","link":"https:\/\/notiissa.mx\/?p=22933","title":{"rendered":"Al igual que Espa\u00f1a, Francia extender\u00e1 cuarentena"},"content":{"rendered":"\n<p> Los franceses llevan 23 d\u00edas en aislamiento domiciliario. El primer  ministro explic\u00f3 que el t\u00e9rmino del confinamiento ser\u00eda \u201cgradual, no  para todos, ni en todas partes\u201d. <\/p>\n\n\n\n<p>El gobierno de Francia inform\u00f3 que la medida de confinamiento, \npara evitar nuevos contagios de Covid-19, se extender\u00e1 hasta despu\u00e9s del\n 15 de abril. Sin embargo, ser\u00e1 hasta el pr\u00f3ximo lunes 13 cuando <strong>el presidente Emmanuel Macron precise la nueva fecha de t\u00e9rmino<\/strong>.<\/p>\n\n\n\n<p>Al d\u00eda de hoy, los franceses llevan 23 d\u00edas en aislamiento \ndomiciliario, aunque los nuevos contagios y decesos no han disminuido \nsignificativamente; durante las \u00faltimas 24 horas, el pa\u00eds registr\u00f3 541 \nfallecimientos asociados a la nueva cepa de coronavirus.<\/p>\n\n\n\n<p>El primer ministro Edouard Philippe dijo que el <strong>confinamiento hab\u00eda ayudado a contener la propagaci\u00f3n del coronavirus<\/strong>, pero subray\u00f3 que a\u00fan no hab\u00eda llegado el momento de levantar las restricciones.<\/p>\n\n\n\n<p>El funcionario agreg\u00f3 que las cifras del d\u00eda estaban \nincompletas porque, debido a problemas t\u00e9cnicos, las autoridades no \npudieron registrar los datos de los hogares de ancianos, que representan\n m\u00e1s del 30 por ciento de las muertes totales.<\/p>\n\n\n\n<p>El 1 de abril, Philippe coment\u00f3 ante la Asamblea Nacional que el t\u00e9rmino del confinamiento ser\u00eda \u201c<strong>gradual, no para todos, ni en todas partes<\/strong>\u201d; en aquella ocasi\u00f3n indic\u00f3 que el gobierno estaba analizando qu\u00e9 regiones concentran los focos de la infecci\u00f3n.<\/p>\n\n\n\n<p>En total, Francia suma siete mil 632 decesos; el primero de ellos se registr\u00f3 el 1 de marzo, aunque el diario <em>Le Monde <\/em>sugiere que la cifra podr\u00eda rozar las 10 mil 800 muertes, dado que durante el d\u00eda de hoy <strong>no se han podido contabilizar los fallecimientos en casa de retiro para adultos mayores <\/strong>y establecimientos m\u00e9dico-sociales por \u201cproblemas t\u00e9cnicos\u201d.<\/p>\n\n\n\n<p>El n\u00famero total de personas que han contra\u00eddo el nuevo virus en\n el pa\u00eds europeo es de 82 mil 48, de los cuales 30 mil 375 personas han \nsido hospitalizadas por una infecci\u00f3n derivada del Covid-19, de estos, \nsiete mil 148 casos han estado en cuidados intensivos.<\/p>\n\n\n\n<p>El diario franc\u00e9s apunta que durante <strong>el \u00faltimo d\u00eda 482 personas necesitaron atenci\u00f3n de cuidados intensivos<\/strong> en todo el pa\u00eds.<\/p>\n\n\n\n<p>De acuerdo con las autoridades sanitarias, en las \u00faltimas 24 \nhoras se dio el menor n\u00famero de casos de pacientes recuperados de \ncuidados intensivos, ya que solo 17 camas fueron liberadas.<\/p>\n\n\n\n<p>Se detall\u00f3 que la cifra de este grupo ha venido decreciendo  desde el domingo, cuando se registraron 140 recuperados, para tener 94  el lunes y 59 del martes. De forma general, el gobierno ha reportado que  17 mil 428 pacientes con Covid-19 se han recuperado en todo el pa\u00eds.<\/p>\n\n\n\n<p><em>Reuters\/Notimex.<\/em> <\/p>\n","protected":false},"excerpt":{"rendered":"<p>Los franceses llevan 23 d\u00edas en aislamiento domiciliario. El primer ministro explic\u00f3 que el t\u00e9rmino del confinamiento ser\u00eda \u201cgradual, no para todos, ni en todas partes\u201d. El gobierno de Francia inform\u00f3 que la medida de confinamiento, para evitar nuevos contagios de Covid-19, se extender\u00e1 hasta despu\u00e9s del 15 de abril. Sin embargo, ser\u00e1 hasta el [&hellip;]<\/p>\n","protected":false},"author":1,"featured_media":22934,"comment_status":"open","ping_status":"open","sticky":false,"template":"","format":"standard","meta":{"rop_custom_images_group":[],"rop_custom_messages_group":[],"rop_publish_now":"initial","rop_publish_now_accounts":[],"rop_publish_now_history":[],"rop_publish_now_status":"pending","footnotes":""},"categories":[75,71],"tags":[],"class_list":["post-22933","post","type-post","status-publish","format-standard","has-post-thumbnail","hentry","category-actualidad","category-salud"],"_links":{"self":[{"href":"https:\/\/notiissa.mx\/index.php?rest_route=\/wp\/v2\/posts\/22933","targetHints":{"allow":["GET"]}}],"collection":[{"href":"https:\/\/notiissa.mx\/index.php?rest_route=\/wp\/v2\/posts"}],"about":[{"href":"https:\/\/notiissa.mx\/index.php?rest_route=\/wp\/v2\/types\/post"}],"author":[{"embeddable":true,"href":"https:\/\/notiissa.mx\/index.php?rest_route=\/wp\/v2\/users\/1"}],"replies":[{"embeddable":true,"href":"https:\/\/notiissa.mx\/index.php?rest_route=%2Fwp%2Fv2%2Fcomments&post=22933"}],"version-history":[{"count":1,"href":"https:\/\/notiissa.mx\/index.php?rest_route=\/wp\/v2\/posts\/22933\/revisions"}],"predecessor-version":[{"id":22935,"href":"https:\/\/notiissa.mx\/index.php?rest_route=\/wp\/v2\/posts\/22933\/revisions\/22935"}],"wp:featuredmedia":[{"embeddable":true,"href":"https:\/\/notiissa.mx\/index.php?rest_route=\/wp\/v2\/media\/22934"}],"wp:attachment":[{"href":"https:\/\/notiissa.mx\/index.php?rest_route=%2Fwp%2Fv2%2Fmedia&parent=22933"}],"wp:term":[{"taxonomy":"category","embeddable":true,"href":"https:\/\/notiissa.mx\/index.php?rest_route=%2Fwp%2Fv2%2Fcategories&post=22933"},{"taxonomy":"post_tag","embeddable":true,"href":"https:\/\/notiissa.mx\/index.php?rest_route=%2Fwp%2Fv2%2Ftags&post=22933"}],"curies":[{"name":"wp","href":"https:\/\/api.w.org\/{rel}","templated":true}]}}