{"id":22930,"date":"2020-04-09T23:23:54","date_gmt":"2020-04-09T23:23:54","guid":{"rendered":"http:\/\/notiissa.mx\/?p=22930"},"modified":"2020-04-09T23:23:54","modified_gmt":"2020-04-09T23:23:54","slug":"la-ciudadania-debe-dejar-de-tomar-el-covid-19-a-la-ligera-y-poner-su-parte-salud","status":"publish","type":"post","link":"https:\/\/notiissa.mx\/?p=22930","title":{"rendered":"La ciudadan\u00eda debe dejar de tomar el COVID -19 a la ligera y poner su parte: Salud"},"content":{"rendered":"\n<p> Los chihuahuenses podemos hacerlo mejor en los d\u00edas siguientes que son los m\u00e1s cr\u00edticos de la enfermedad. <\/p>\n\n\n\n<p>Aunque la movilidad de las y\nlos ciudadanos se ha reducido de manera importante y la mayor\u00eda de los negocios\nha cerrado sus puertas, los chihuahuenses podemos hacerlo mejor; estos son los\nd\u00edas cr\u00edticos m\u00e1s importantes de la propagaci\u00f3n de la enfermedad y es donde\ntodos podemos incidir, lo que nos toca a nosotros, expres\u00f3 el director m\u00e9dico\nde la Secretar\u00eda de Salud en la Zona Norte, Arturo Valenzuela Zorrilla.&nbsp;<\/p>\n\n\n\n<p>Al hacer el llamado durante la\nconferencia de prensa virtual para que la ciudadan\u00eda tome conciencia, el\ndirector m\u00e9dico se\u00f1al\u00f3 que de momento la principal estrategia sigue siendo la\nde una comunidad consciente, \u201ccada uno de nosotros somos comunicadores y somos\nresponsables de nuestra sociedad, no solamente nuestra familia, sino de nuestra\nsociedad\u201d.&nbsp;<\/p>\n\n\n\n<p>Dijo que al registrarse una persona contagiada, se pide la participaci\u00f3n de toda la comunidad, de las personas que estuvieron en contacto, para que al momento se pueda tener un registro de todas y todos ellos. Record\u00f3 que los periodos de incubaci\u00f3n del virus pueden ir desde dos hasta siete d\u00edas y a las personas se les tiene que dar seguimiento hasta de 14 d\u00edas.<\/p>\n\n\n\n<p>\u201cSabemos entonces que lo\npodemos hacer mejor, hag\u00e1moslo mejor\u201d, se\u00f1al\u00f3.<\/p>\n\n\n\n<p>Indic\u00f3 tambi\u00e9n que hay mucha\ngente que est\u00e1 reunida en espacios cerrados y ese es un punto d\u00e9bil que hay que\nestar vigilando y en constante comunicaci\u00f3n con las personas que atienden por\nejemplo los albergues.<\/p>\n\n\n\n<p>Finalmente, Valenzuela Zorrilla\nexpres\u00f3 un agradecimiento\na todas las personas que se dedica la salud p\u00fablica, que no muestra el rostro,\nque son un gran ejemplo, que son los que est\u00e1n pendientes de las decisiones m\u00e1s\nimportantes a tomar para que las y los ciudadanos tengan una buena salud.<\/p>\n\n\n\n<p>\u201cQuiero\nagradecer a todo el personal de salud mental, a los psiquiatras, a los\npsic\u00f3logos, a todas esas personas que cuidan y velan por nuestras emociones que\nnos gu\u00edan y nos asisten en los tiempos m\u00e1s dif\u00edciles que atravesamos\u201d, se\u00f1al\u00f3.<\/p>\n","protected":false},"excerpt":{"rendered":"<p>Los chihuahuenses podemos hacerlo mejor en los d\u00edas siguientes que son los m\u00e1s cr\u00edticos de la enfermedad. Aunque la movilidad de las y los ciudadanos se ha reducido de manera importante y la mayor\u00eda de los negocios ha cerrado sus puertas, los chihuahuenses podemos hacerlo mejor; estos son los d\u00edas cr\u00edticos m\u00e1s importantes de la [&hellip;]<\/p>\n","protected":false},"author":1,"featured_media":22931,"comment_status":"open","ping_status":"open","sticky":false,"template":"","format":"standard","meta":{"rop_custom_images_group":[],"rop_custom_messages_group":[],"rop_publish_now":"initial","rop_publish_now_accounts":[],"rop_publish_now_history":[],"rop_publish_now_status":"pending","footnotes":""},"categories":[72],"tags":[23],"class_list":["post-22930","post","type-post","status-publish","format-standard","has-post-thumbnail","hentry","category-estado","tag-destacado"],"_links":{"self":[{"href":"https:\/\/notiissa.mx\/index.php?rest_route=\/wp\/v2\/posts\/22930","targetHints":{"allow":["GET"]}}],"collection":[{"href":"https:\/\/notiissa.mx\/index.php?rest_route=\/wp\/v2\/posts"}],"about":[{"href":"https:\/\/notiissa.mx\/index.php?rest_route=\/wp\/v2\/types\/post"}],"author":[{"embeddable":true,"href":"https:\/\/notiissa.mx\/index.php?rest_route=\/wp\/v2\/users\/1"}],"replies":[{"embeddable":true,"href":"https:\/\/notiissa.mx\/index.php?rest_route=%2Fwp%2Fv2%2Fcomments&post=22930"}],"version-history":[{"count":1,"href":"https:\/\/notiissa.mx\/index.php?rest_route=\/wp\/v2\/posts\/22930\/revisions"}],"predecessor-version":[{"id":22932,"href":"https:\/\/notiissa.mx\/index.php?rest_route=\/wp\/v2\/posts\/22930\/revisions\/22932"}],"wp:featuredmedia":[{"embeddable":true,"href":"https:\/\/notiissa.mx\/index.php?rest_route=\/wp\/v2\/media\/22931"}],"wp:attachment":[{"href":"https:\/\/notiissa.mx\/index.php?rest_route=%2Fwp%2Fv2%2Fmedia&parent=22930"}],"wp:term":[{"taxonomy":"category","embeddable":true,"href":"https:\/\/notiissa.mx\/index.php?rest_route=%2Fwp%2Fv2%2Fcategories&post=22930"},{"taxonomy":"post_tag","embeddable":true,"href":"https:\/\/notiissa.mx\/index.php?rest_route=%2Fwp%2Fv2%2Ftags&post=22930"}],"curies":[{"name":"wp","href":"https:\/\/api.w.org\/{rel}","templated":true}]}}