{"id":22923,"date":"2020-04-09T23:07:58","date_gmt":"2020-04-09T23:07:58","guid":{"rendered":"http:\/\/notiissa.mx\/?p=22923"},"modified":"2020-04-09T23:07:59","modified_gmt":"2020-04-09T23:07:59","slug":"indigenas-en-riesgo-por-coronavirus","status":"publish","type":"post","link":"https:\/\/notiissa.mx\/?p=22923","title":{"rendered":"Ind\u00edgenas en riesgo por coronavirus"},"content":{"rendered":"\n<p>DE NORTE A SUR. <\/p>\n\n\n\n<p>Abigail A. Correa Cisneros.<\/p>\n\n\n\n<p>La situaci\u00f3n de la poblaci\u00f3n nativa se agrava por la desnutrici\u00f3n, mala alimentaci\u00f3n y m\u00ednimo acceso a servicios de salud.<\/p>\n\n\n\n<p>\u00b7M\u00e9xico es el pa\u00eds de Am\u00e9rica Latina con m\u00e1s ind\u00edgenas, representan m\u00e1s del 20 por ciento de la poblaci\u00f3n<\/p>\n\n\n\n<p>La pandemia de Covid-19 sigue\nafectando al mundo. Los que m\u00e1s la sufren son quienes, desde siempre, tienen\ncarencias. Ind\u00edgenas de todas las naciones hoy se enfrentan, no s\u00f3lo ante\nquienes quieren arrebatarles sus tierras, tambi\u00e9n a esta amenaza que desde\nprincipio de a\u00f1o cobr\u00f3 la vida de miles de personas.<\/p>\n\n\n\n<p>El Mecanismo de Expertos de las\nNaciones Unidas sobre los Derechos de los Pueblos Ind\u00edgenas (MEDPI), record\u00f3\nque muchos pueblos originarios carecen de acceso a servicios de salud, buena\nalimentaci\u00f3n, agua, entre m\u00e1s derechos fundamentales para vivir dignamente.<\/p>\n\n\n\n<p>En el pa\u00eds 25 millones de\npersonas se reconocen como ind\u00edgenas. Presentan los mayores \u00edndices de\nmarginaci\u00f3n y est\u00e1n dispersos en toda la Rep\u00fablica. Habitan en regiones con\nimportantes recursos mineros, tur\u00edsticos, biol\u00f3gicos, h\u00eddricos, forestales y\ne\u00f3licos, por lo que est\u00e1n en constante riesgo de ser desplazados o eliminados.<\/p>\n\n\n\n<p>Los pueblos originarios \u201cya\nestaban en desventaja en cuanto al acceso a la atenci\u00f3n de salud de calidad y\neran m\u00e1s vulnerables a numerosos problemas de salud, en particular las\npandemias. No se cumpl\u00eda con los determinantes sociales de la salud, como el\nagua potable, una dieta suficiente y equilibrada y el saneamiento b\u00e1sico, antes\nde esta crisis.<\/p>\n\n\n\n<p>\u201cAdem\u00e1s, la expropiaci\u00f3n de sus\ntierras y recursos naturales y el aumento de los conflictos en sus territorios\nya pon\u00edan a los pueblos ind\u00edgenas en una situaci\u00f3n particularmente precaria\u201d,\ndestac\u00f3 el MEPDI.<\/p>\n\n\n\n<p>Aunado a esto, el futuro que se\navecina en tema de desarrollo y econom\u00eda nacional profundizar\u00e1 la pobreza que\npadece este sector. El aumento de las recesiones a nivel nacional y la\nposibilidad real de una depresi\u00f3n mundial agravar\u00e1n a\u00fan m\u00e1s la situaci\u00f3n,\ncausando un temor de que muchos ind\u00edgenas mueran, no s\u00f3lo por el virus en s\u00ed,\nsino tambi\u00e9n por los conflictos y la violencia vinculados a la escasez de\nrecursos, y en particular de agua potable y alimentos.<\/p>\n\n\n\n<p>El MEPDI record\u00f3 en un comunicado\nreciente que los \u201cEstados deben reconocer y darle lugar a los derechos y\nresponsabilidades culturales, espirituales y religiosos de los pueblos\nind\u00edgenas al considerar las medidas de respuesta al virus. Al igual que en el\ncaso de la adopci\u00f3n de cualquier medida que pueda afectar a los pueblos ind\u00edgenas,\nse debe procurar obtener su consentimiento libre, previo e informado, basado en\nel derecho a la libre determinaci\u00f3n\u201d.<\/p>\n\n\n\n<p>En comparaci\u00f3n con el resto de\nlos mexicanos, los ind\u00edgenas tienen una esperanza de vida siete a\u00f1os inferior\nal resto de la poblaci\u00f3n. Tienen una elevada tasa de desnutrici\u00f3n,\nprincipalmente por consumir comida chatarra y bebidas altas en az\u00facar.\nRecordemos que recientemente se aprob\u00f3 el etiquetado de productos de una manera\nm\u00e1s entendible, aunque ser\u00e1 hasta octubre cuando la industria coloque sellos\nnegros en sus productos para advertir que contienen exceso de grasas saturadas,\ngrasas trans, azucares, sodio y calor\u00edas.<\/p>\n\n\n\n<p>Sumamos los da\u00f1os causados por\nactividades de la industria minera y energ\u00e9tica, por las que sufren de\nenfermedades infecciosas (Infecciones intestinales, influenza, neumon\u00eda,\ntuberculosis pulmonar), v\u00f3mito, asfixia, irritaci\u00f3n del tejido pulmonar,\nc\u00e1ncer, entre otros padecimientos.<\/p>\n\n\n\n<p>Dentro de los pueblos ind\u00edgenas,\nse\u00f1al\u00f3 el Mecanismo, son todav\u00eda m\u00e1s vulnerables quienes se encuentran en\ncampamentos de refugiados o de desplazados internos, los migrantes, las\npersonas mayores y quienes viven en entornos precarios en zona urbanas, adem\u00e1s\nde quienes viven en aislamiento voluntario por padecer alguna enfermedad.<\/p>\n\n\n\n<p>Ante esto, mencion\u00f3 el Mecanismo,\nque es necesario \u201ccontrolar estrictamente los cordones sanitarios que impidan a\nlas personas externas entrar en sus territorios para evitar cualquier contacto.\nA fin de limitar la propagaci\u00f3n del Covid-19, varias comunidades de pueblos ind\u00edgenas\nhan tomado la iniciativa de establecer medidas de contenci\u00f3n y controles a la\nentrada de sus territorios\u201d.<\/p>\n\n\n\n<p>De igual manera, el organismo de\nNaciones Unidas se\u00f1al\u00f3 que todos los pueblos ind\u00edgenas necesitar\u00e1n informaci\u00f3n\noportuna y precisa sobre todos los aspectos de la pandemia, en sus lenguas\nind\u00edgenas y en formatos culturalmente sensibles.<\/p>\n\n\n\n<p>Hace unos d\u00edas, el presidente\nAndr\u00e9s Manuel L\u00f3pez Obrador, inform\u00f3 su estrategia para enfrentar la crisis\nprovocada por la emergencia sanitaria. Dijo que apoyar\u00e1 la econom\u00eda formal e\ninformal con la entrega de 2 millones de cr\u00e9ditos. Adem\u00e1s, refiri\u00f3 una serie de\nacciones como obras p\u00fablicas, cr\u00e9ditos sin intereses, reducci\u00f3n del sueldo de\naltos funcionarios, becas para estudiantes, adelanto de la pensi\u00f3n para ancianos\ny la creaci\u00f3n, en 9 meses, de 2 millones de nuevos empleos.<\/p>\n\n\n\n<p>Aunque muchos cuestionaron su\nproyecto, el mandatario ve con optimismo que M\u00e9xico logre salir de este bache.\nEn cuanto al sistema de salud, el momento en que surgi\u00f3 la<\/p>\n\n\n\n<p>pandemia hizo ver que es\ndeficiente, no \u00fanicamente en nuestro pa\u00eds sino en muchos otros. No hay recursos\necon\u00f3micos o infraestructura suficientes, as\u00ed destac\u00f3 Ra\u00fal Molina Salazar,\ninvestigador de la Universidad Aut\u00f3noma Metropolitana (UAM). En M\u00e9xico apenas\nse destina el 2 por ciento del PIB al sector.<\/p>\n\n\n\n<p>Especialistas ya han mencionado\nque cuando la epidemia en M\u00e9xico se extienda m\u00e1s, ser\u00e1 muy dif\u00edcil contenerla\ndebido a la falta de infraestructura en el sector salud. Por lo pronto sigue\ndependiendo de los mexicanos que no tengamos tantos contagios, acatando las\nrecomendaciones de las autoridades en salud, lavarse las manos constantemente y\nsalir \u00fanicamente a lo indispensable.<\/p>\n\n\n\n<p>DESDE EL CENTRO<\/p>\n\n\n\n<p>Un informe de la OIT advierte que\nla crisis por el Covid-19 har\u00e1 desaparecer 6.7 por ciento de las horas de\ntrabajo en el segundo trimestre de 2020, lo que equivale a 195 millones de\ntrabajos a tiempo completo. El organismo internacional resalta que el posible\naumento del desempleo mundial durante 2020 depender\u00e1 de manera considerable de\nla evoluci\u00f3n futura y de las medidas pol\u00edticas que ser\u00e1n adoptadas. Existe un\nriesgo elevado de que para final de a\u00f1o la cifra ser\u00e1 significativamente m\u00e1s\nalta que la previsi\u00f3n inicial de la OIT, de 25 millones de desempleados\u2026 Naas\u00f3n\nJoaqu\u00edn Garc\u00eda, l\u00edder de la Luz del mundo, podr\u00eda ser liberado tras\ndesestimarse las acusaciones de violaci\u00f3n infantil y tr\u00e1fico de personas, por\nun tribunal de apelaciones de California\u2026Eduardo Orihuela Estefan, dirigente de\nla Confederaci\u00f3n Nacional de Productores Rurales se quedar\u00e1 con las ganas de\nser candidato a presidente municipal de Zitacuaro, Mich, el partido al que\npertenece tiene otros datos debido a la falta de compromiso con los campesinos\u2026En\nel D\u00eda Mundial de la Salud, que se conmemora cada 7 de abril, reconocemos la\nvaliosa labor de m\u00e9dicos y personal de enfermer\u00eda, que justo en estos d\u00edas\nmuestran su determinaci\u00f3n, valent\u00eda y coraje en la respuesta a la pandemia de\nCOVID-19.<\/p>\n\n\n\n<p><a rel=\"noreferrer noopener\" target=\"_blank\" href=\"mailto:abicorrea79@hotmail.com\">abicorrea79@hotmail.com<\/a><\/p>\n\n\n\n<p><\/p>\n\n\n\n<p> Las declaraciones y opiniones expresadas en este art\u00edculo son de exclusiva investigaci\u00f3n y responsabilidad de su autor.    <\/p>\n\n\n\n<p><\/p>\n","protected":false},"excerpt":{"rendered":"<p>DE NORTE A SUR. Abigail A. Correa Cisneros. La situaci\u00f3n de la poblaci\u00f3n nativa se agrava por la desnutrici\u00f3n, mala alimentaci\u00f3n y m\u00ednimo acceso a servicios de salud. \u00b7M\u00e9xico es el pa\u00eds de Am\u00e9rica Latina con m\u00e1s ind\u00edgenas, representan m\u00e1s del 20 por ciento de la poblaci\u00f3n La pandemia de Covid-19 sigue afectando al mundo. [&hellip;]<\/p>\n","protected":false},"author":1,"featured_media":22924,"comment_status":"open","ping_status":"open","sticky":false,"template":"","format":"standard","meta":{"rop_custom_images_group":[],"rop_custom_messages_group":[],"rop_publish_now":"initial","rop_publish_now_accounts":[],"rop_publish_now_history":[],"rop_publish_now_status":"pending","footnotes":""},"categories":[75,61,77],"tags":[23],"class_list":["post-22923","post","type-post","status-publish","format-standard","has-post-thumbnail","hentry","category-actualidad","category-economia","category-ni-lectoris","tag-destacado"],"_links":{"self":[{"href":"https:\/\/notiissa.mx\/index.php?rest_route=\/wp\/v2\/posts\/22923","targetHints":{"allow":["GET"]}}],"collection":[{"href":"https:\/\/notiissa.mx\/index.php?rest_route=\/wp\/v2\/posts"}],"about":[{"href":"https:\/\/notiissa.mx\/index.php?rest_route=\/wp\/v2\/types\/post"}],"author":[{"embeddable":true,"href":"https:\/\/notiissa.mx\/index.php?rest_route=\/wp\/v2\/users\/1"}],"replies":[{"embeddable":true,"href":"https:\/\/notiissa.mx\/index.php?rest_route=%2Fwp%2Fv2%2Fcomments&post=22923"}],"version-history":[{"count":1,"href":"https:\/\/notiissa.mx\/index.php?rest_route=\/wp\/v2\/posts\/22923\/revisions"}],"predecessor-version":[{"id":22925,"href":"https:\/\/notiissa.mx\/index.php?rest_route=\/wp\/v2\/posts\/22923\/revisions\/22925"}],"wp:featuredmedia":[{"embeddable":true,"href":"https:\/\/notiissa.mx\/index.php?rest_route=\/wp\/v2\/media\/22924"}],"wp:attachment":[{"href":"https:\/\/notiissa.mx\/index.php?rest_route=%2Fwp%2Fv2%2Fmedia&parent=22923"}],"wp:term":[{"taxonomy":"category","embeddable":true,"href":"https:\/\/notiissa.mx\/index.php?rest_route=%2Fwp%2Fv2%2Fcategories&post=22923"},{"taxonomy":"post_tag","embeddable":true,"href":"https:\/\/notiissa.mx\/index.php?rest_route=%2Fwp%2Fv2%2Ftags&post=22923"}],"curies":[{"name":"wp","href":"https:\/\/api.w.org\/{rel}","templated":true}]}}