{"id":22556,"date":"2020-03-30T00:36:21","date_gmt":"2020-03-30T00:36:21","guid":{"rendered":"http:\/\/notiissa.mx\/?p=22556"},"modified":"2020-03-30T00:36:22","modified_gmt":"2020-03-30T00:36:22","slug":"todo-mundo-tiene-que-quedarse-en-casa-es-la-ultima-oportunidad-lopez-gatell","status":"publish","type":"post","link":"https:\/\/notiissa.mx\/?p=22556","title":{"rendered":"\u201cTodo mundo tiene que quedarse en casa\u2026 es la \u00faltima oportunidad:\u201d L\u00f3pez-Gatell"},"content":{"rendered":"\n<p> Si no se reduce la velocidad de transmisi\u00f3n del virus, se corre el  riesgo de saturaci\u00f3n de los hospitales y de no poder atender a todos los  enfermos.<\/p>\n\n\n\n<p>El subsecretario de Salud, <strong>Hugo L\u00f3pez Gatell<\/strong>, hizo \nun dram\u00e1tico llamado a la poblaci\u00f3n para que aumente el cumplimiento de \nlas medidas de prevenci\u00f3n contra el coronavirus Covid-19 y advirti\u00f3 \nsobre el riesgo de tener un crecimiento muy acelerado de los contagios.<\/p>\n\n\n\n<p>Si no se reduce la velocidad de la transmisi\u00f3n del virus, dijo el \nsubsecretario, se corre el riesgo de saturaci\u00f3n de los hospitales y, en \nconsecuencia, <strong>no poder atender a todos los enfermos que lo requieran.<\/strong><\/p>\n\n\n\n<p>Ello ocurri\u00f3 durante la conferencia de prensa vespertina para  informar de las cifras de la incidencia de la pandemia en el pa\u00eds. Hasta  este s\u00e1bado, report\u00f3 la Secretar\u00eda de Salud, <strong>suman 16 muertes por coronavirus y hay registrados 848 casos positivos.<\/strong><\/p>\n\n\n\n<p> Acompa\u00f1ado por el equipo t\u00e9cnico que dirige el combate al Covid-19 y <strong>por los secretarios de Salud, Jorge Alcocer, y de Relaciones Exteriores, Marcelo Ebrard<\/strong>,  L\u00f3pez-Gatell subray\u00f3 la necesidad de reforzar el cumplimiento de la  consigna de que\u00a0 \u201ctodos nos quedemos en casa\u201d y subray\u00f3 que M\u00e9xico est\u00e1  en el \u201c\u00faltimo momento de oportunidad\u201d de evitar un crecimiento acelerado  de los casos positivos. <\/p>\n\n\n\n<p>Jos\u00e9 Luis Alom\u00eda, director general de Epidemiolog\u00eda, explic\u00f3 que las muertes<strong> ocurrieron en Ciudad de M\u00e9xico, 7<\/strong>; Durango, una; Hidalgo, una; Jalisco, tres; Michoac\u00e1n, uno; Quintana Roo, una, y San Luis Potos\u00ed, dos.<\/p>\n\n\n\n<p>Mencion\u00f3 que los <strong>j\u00f3venes en edad productiva son el grupo m\u00e1s afectado<\/strong>, es decir, con m\u00e1s casos confirmados y que la mayor\u00eda de las muertes se ha presentado en adultos mayores.<\/p>\n\n\n\n<p>AN<\/p>\n","protected":false},"excerpt":{"rendered":"<p>Si no se reduce la velocidad de transmisi\u00f3n del virus, se corre el riesgo de saturaci\u00f3n de los hospitales y de no poder atender a todos los enfermos. El subsecretario de Salud, Hugo L\u00f3pez Gatell, hizo un dram\u00e1tico llamado a la poblaci\u00f3n para que aumente el cumplimiento de las medidas de prevenci\u00f3n contra el coronavirus [&hellip;]<\/p>\n","protected":false},"author":1,"featured_media":22557,"comment_status":"open","ping_status":"open","sticky":false,"template":"","format":"standard","meta":{"rop_custom_images_group":[],"rop_custom_messages_group":[],"rop_publish_now":"initial","rop_publish_now_accounts":[],"rop_publish_now_history":[],"rop_publish_now_status":"pending","footnotes":""},"categories":[75,71],"tags":[],"class_list":["post-22556","post","type-post","status-publish","format-standard","has-post-thumbnail","hentry","category-actualidad","category-salud"],"_links":{"self":[{"href":"https:\/\/notiissa.mx\/index.php?rest_route=\/wp\/v2\/posts\/22556","targetHints":{"allow":["GET"]}}],"collection":[{"href":"https:\/\/notiissa.mx\/index.php?rest_route=\/wp\/v2\/posts"}],"about":[{"href":"https:\/\/notiissa.mx\/index.php?rest_route=\/wp\/v2\/types\/post"}],"author":[{"embeddable":true,"href":"https:\/\/notiissa.mx\/index.php?rest_route=\/wp\/v2\/users\/1"}],"replies":[{"embeddable":true,"href":"https:\/\/notiissa.mx\/index.php?rest_route=%2Fwp%2Fv2%2Fcomments&post=22556"}],"version-history":[{"count":1,"href":"https:\/\/notiissa.mx\/index.php?rest_route=\/wp\/v2\/posts\/22556\/revisions"}],"predecessor-version":[{"id":22558,"href":"https:\/\/notiissa.mx\/index.php?rest_route=\/wp\/v2\/posts\/22556\/revisions\/22558"}],"wp:featuredmedia":[{"embeddable":true,"href":"https:\/\/notiissa.mx\/index.php?rest_route=\/wp\/v2\/media\/22557"}],"wp:attachment":[{"href":"https:\/\/notiissa.mx\/index.php?rest_route=%2Fwp%2Fv2%2Fmedia&parent=22556"}],"wp:term":[{"taxonomy":"category","embeddable":true,"href":"https:\/\/notiissa.mx\/index.php?rest_route=%2Fwp%2Fv2%2Fcategories&post=22556"},{"taxonomy":"post_tag","embeddable":true,"href":"https:\/\/notiissa.mx\/index.php?rest_route=%2Fwp%2Fv2%2Ftags&post=22556"}],"curies":[{"name":"wp","href":"https:\/\/api.w.org\/{rel}","templated":true}]}}