{"id":22479,"date":"2020-03-27T04:13:18","date_gmt":"2020-03-27T04:13:18","guid":{"rendered":"http:\/\/notiissa.mx\/?p=22479"},"modified":"2020-03-27T04:13:19","modified_gmt":"2020-03-27T04:13:19","slug":"recesion-economica-por-covid-19-peor-que-crisis-global-de-2008-advierte-la-omc","status":"publish","type":"post","link":"https:\/\/notiissa.mx\/?p=22479","title":{"rendered":"Recesi\u00f3n econ\u00f3mica por Covid-19, peor que crisis global de 2008, advierte la OMC"},"content":{"rendered":"\n<p> El titular del organismo, Roberto Azev\u00eado, destac\u00f3 la importancia de  formular una respuesta global a la pandemia, pues \u00abning\u00fan pa\u00eds es  autosuficiente, por muy poderoso o avanzado sea\u00bb. <\/p>\n\n\n\n<p>Las proyecciones de la Organizaci\u00f3n Mundial de Comercio (OMC) muestran que e<strong>l impacto del coronavirus, <\/strong>en cuanto a contracci\u00f3n econ\u00f3mica y p\u00e9rdidas de puestos de trabajo, <strong>ser\u00e1 peor que lo visto durante la recesi\u00f3n de 2008<\/strong>, dijo el mi\u00e9rcoles su director general Roberto Azev\u00eado.<\/p>\n\n\n\n<p>En un video el titular de la OMC afirm\u00f3 que el C0vid-19 amenaza las \nvidas de millones de personas en el mundo, y aunque por encima de todo \nes una crisis sanitaria, la pandemia tambi\u00e9n tendr\u00e1 <strong>un inevitable impacto en la econom\u00eda, el comercio, los empleos y el bienestar.<\/strong><\/p>\n\n\n\n<p>\u201cLas proyecciones recientes predicen una <strong>recesi\u00f3n econ\u00f3mica<\/strong> y una p\u00e9rdida de empleos peores a lo visto en la crisis financiera mundial de hace una decena de a\u00f1os\u201d, sostuvo.<\/p>\n\n\n\n<p>Subray\u00f3 que muchos gobiernos est\u00e1n introduciendo medidas de est\u00edmulo \nfiscal y monetario que incrementar\u00e1n las defensas frente a la recesi\u00f3n, \npero al mismo tiempo <strong>se necesita \u201cuna respuesta global para una pandemia global\u201d.<\/strong><\/p>\n\n\n\n<p>\u201c<strong>Ning\u00fan pa\u00eds es autosuficiente, por muy poderoso o avanzado sea<\/strong>.  El comercio es lo que permite la producci\u00f3n eficiente y la provisi\u00f3n de  bienes y servicios b\u00e1sicos, suministros y equipos m\u00e9dicos, alimentos y  energ\u00eda que todos necesitamos. Mantener el comercio abierto y las  inversiones fluyendo ser\u00e1 cr\u00edtico para mantener los estantes llenos y  precios asequibles\u201d, dijo.<\/p>\n\n\n\n<p>Sin embargo conf\u00edo en que una vez que la crisis m\u00e9dica comience a remitir,<strong> \u201cel comercio permitir\u00e1 a los pa\u00edses ayudarse mutuamente<\/strong>, lo que traer\u00e1 una recuperaci\u00f3n econ\u00f3mica m\u00e1s r\u00e1pida y fuerte para todos\u201d.<\/p>\n\n\n\n<p>Azev\u00eado\u00a0destac\u00f3 que la OMC ha creado una p\u00e1gina de  internet espec\u00edfica que contiene informaci\u00f3n relacionada con el comercio  y vinculada a la pandemia.<\/p>\n\n\n\n<p>Estos comentarios se dan previo a una <strong>videoconferencia en la que participar\u00e1n los l\u00edderes G20 este jueves<\/strong>, para hablar sobre las acciones para atenuar los efectos de la pandemia del Covid-19 en la econom\u00eda global.<\/p>\n\n\n\n<p>\u201cCuando el mundo se enfrenta a la pandemia del Covid-19 y a los  desaf\u00edos que supone para los sistemas de sanidad y para la econom\u00eda  mundial, convocamos a esta cumbre extraordinaria del G20 para <strong>unir esfuerzos para una respuesta mundial<\/strong>\u201c, declar\u00f3 en Twitter el rey Salm\u00e1n, que asume la presidencia rotativa del G20. Rts y Ntx<\/p>\n","protected":false},"excerpt":{"rendered":"<p>El titular del organismo, Roberto Azev\u00eado, destac\u00f3 la importancia de formular una respuesta global a la pandemia, pues \u00abning\u00fan pa\u00eds es autosuficiente, por muy poderoso o avanzado sea\u00bb. Las proyecciones de la Organizaci\u00f3n Mundial de Comercio (OMC) muestran que el impacto del coronavirus, en cuanto a contracci\u00f3n econ\u00f3mica y p\u00e9rdidas de puestos de trabajo, ser\u00e1 [&hellip;]<\/p>\n","protected":false},"author":1,"featured_media":22480,"comment_status":"open","ping_status":"open","sticky":false,"template":"","format":"standard","meta":{"rop_custom_images_group":[],"rop_custom_messages_group":[],"rop_publish_now":"initial","rop_publish_now_accounts":[],"rop_publish_now_history":[],"rop_publish_now_status":"pending","footnotes":""},"categories":[61],"tags":[],"class_list":["post-22479","post","type-post","status-publish","format-standard","has-post-thumbnail","hentry","category-economia"],"_links":{"self":[{"href":"https:\/\/notiissa.mx\/index.php?rest_route=\/wp\/v2\/posts\/22479","targetHints":{"allow":["GET"]}}],"collection":[{"href":"https:\/\/notiissa.mx\/index.php?rest_route=\/wp\/v2\/posts"}],"about":[{"href":"https:\/\/notiissa.mx\/index.php?rest_route=\/wp\/v2\/types\/post"}],"author":[{"embeddable":true,"href":"https:\/\/notiissa.mx\/index.php?rest_route=\/wp\/v2\/users\/1"}],"replies":[{"embeddable":true,"href":"https:\/\/notiissa.mx\/index.php?rest_route=%2Fwp%2Fv2%2Fcomments&post=22479"}],"version-history":[{"count":1,"href":"https:\/\/notiissa.mx\/index.php?rest_route=\/wp\/v2\/posts\/22479\/revisions"}],"predecessor-version":[{"id":22481,"href":"https:\/\/notiissa.mx\/index.php?rest_route=\/wp\/v2\/posts\/22479\/revisions\/22481"}],"wp:featuredmedia":[{"embeddable":true,"href":"https:\/\/notiissa.mx\/index.php?rest_route=\/wp\/v2\/media\/22480"}],"wp:attachment":[{"href":"https:\/\/notiissa.mx\/index.php?rest_route=%2Fwp%2Fv2%2Fmedia&parent=22479"}],"wp:term":[{"taxonomy":"category","embeddable":true,"href":"https:\/\/notiissa.mx\/index.php?rest_route=%2Fwp%2Fv2%2Fcategories&post=22479"},{"taxonomy":"post_tag","embeddable":true,"href":"https:\/\/notiissa.mx\/index.php?rest_route=%2Fwp%2Fv2%2Ftags&post=22479"}],"curies":[{"name":"wp","href":"https:\/\/api.w.org\/{rel}","templated":true}]}}