{"id":22263,"date":"2020-03-22T20:33:50","date_gmt":"2020-03-22T20:33:50","guid":{"rendered":"http:\/\/notiissa.mx\/?p=22263"},"modified":"2020-03-22T20:33:51","modified_gmt":"2020-03-22T20:33:51","slug":"oms-despues-del-levantamiento-de-la-cuarentena-los-casos-del-covid-19-podrian-ir-en-aumento","status":"publish","type":"post","link":"https:\/\/notiissa.mx\/?p=22263","title":{"rendered":"OMS: Despu\u00e9s del levantamiento de la cuarentena los casos del covid-19 podr\u00edan ir en aumento"},"content":{"rendered":"\n<p> Desde la organizaci\u00f3n han vuelto ha recordar que el nuevo coronavirus no  solo afecta gravemente a los ancianos, sino que tiene un impacto  significativo en las personas de mediana edad.    <\/p>\n\n\n\n<p>El director ejecutivo de la Organizaci\u00f3n Mundial de la Salud (OMS)  para emergencias sanitarias, Mike Ryan, ha reiterado en una entrevista  concedida a la BBC  que no bastar\u00e1 con imponer la cuarentena para combatir el nuevo  coronavirus y ha advertido que a falta de medidas contundentes en  materia de la salud p\u00fablica se mantiene el peligro de que \u00abla enfermedad  salte de nuevo\u00bb cuando se levanten las restricciones y los cierres.<\/p>\n\n\n\n<p>\u00abEn\n lo que realmente tenemos que centrarnos es en encontrar a aquellos que \nest\u00e1n enfermos, aquellos que tienen el virus, y aislarlos, rastrear sus \ncontactos y aislarlos\u00bb, resumi\u00f3 Ryan.<\/p>\n\n\n\n<p>Adem\u00e1s, afirm\u00f3 que \u00abno hace \nfalta hacer pruebas [de coronavirus] a todos\u00bb, y, en cambio, hay que \nenfocarse \u00aben aquellos que podr\u00edan tener el virus\u00bb.<\/p>\n\n\n\n<p> El representante de la OMS tambi\u00e9n record\u00f3 lo que la organizaci\u00f3n ya hab\u00eda dicho  previamente: los ancianos no son los \u00fanicos que sufren del covid-19 y  la enfermedad tiene \u00abun impacto significativo\u00bb en las personas de  mediana edad.\u00a0<\/p>\n\n\n\n<p>El funcionario se mostr\u00f3 seguro de que los \ncient\u00edficos lograr\u00e1n desarrollar una vacuna contra el SARS-CoV-2, pero \nadvirti\u00f3 de que ese proceso no durar\u00e1 menos de un a\u00f1o.<\/p>\n\n\n\n<p>      <\/p>\n","protected":false},"excerpt":{"rendered":"<p>Desde la organizaci\u00f3n han vuelto ha recordar que el nuevo coronavirus no solo afecta gravemente a los ancianos, sino que tiene un impacto significativo en las personas de mediana edad. El director ejecutivo de la Organizaci\u00f3n Mundial de la Salud (OMS) para emergencias sanitarias, Mike Ryan, ha reiterado en una entrevista concedida a la BBC [&hellip;]<\/p>\n","protected":false},"author":1,"featured_media":22264,"comment_status":"open","ping_status":"open","sticky":false,"template":"","format":"standard","meta":{"rop_custom_images_group":[],"rop_custom_messages_group":[],"rop_publish_now":"initial","rop_publish_now_accounts":[],"rop_publish_now_history":[],"rop_publish_now_status":"pending","footnotes":""},"categories":[60],"tags":[],"class_list":["post-22263","post","type-post","status-publish","format-standard","has-post-thumbnail","hentry","category-sonnoticia"],"_links":{"self":[{"href":"https:\/\/notiissa.mx\/index.php?rest_route=\/wp\/v2\/posts\/22263","targetHints":{"allow":["GET"]}}],"collection":[{"href":"https:\/\/notiissa.mx\/index.php?rest_route=\/wp\/v2\/posts"}],"about":[{"href":"https:\/\/notiissa.mx\/index.php?rest_route=\/wp\/v2\/types\/post"}],"author":[{"embeddable":true,"href":"https:\/\/notiissa.mx\/index.php?rest_route=\/wp\/v2\/users\/1"}],"replies":[{"embeddable":true,"href":"https:\/\/notiissa.mx\/index.php?rest_route=%2Fwp%2Fv2%2Fcomments&post=22263"}],"version-history":[{"count":1,"href":"https:\/\/notiissa.mx\/index.php?rest_route=\/wp\/v2\/posts\/22263\/revisions"}],"predecessor-version":[{"id":22265,"href":"https:\/\/notiissa.mx\/index.php?rest_route=\/wp\/v2\/posts\/22263\/revisions\/22265"}],"wp:featuredmedia":[{"embeddable":true,"href":"https:\/\/notiissa.mx\/index.php?rest_route=\/wp\/v2\/media\/22264"}],"wp:attachment":[{"href":"https:\/\/notiissa.mx\/index.php?rest_route=%2Fwp%2Fv2%2Fmedia&parent=22263"}],"wp:term":[{"taxonomy":"category","embeddable":true,"href":"https:\/\/notiissa.mx\/index.php?rest_route=%2Fwp%2Fv2%2Fcategories&post=22263"},{"taxonomy":"post_tag","embeddable":true,"href":"https:\/\/notiissa.mx\/index.php?rest_route=%2Fwp%2Fv2%2Ftags&post=22263"}],"curies":[{"name":"wp","href":"https:\/\/api.w.org\/{rel}","templated":true}]}}