{"id":22228,"date":"2020-03-21T18:34:58","date_gmt":"2020-03-21T18:34:58","guid":{"rendered":"http:\/\/notiissa.mx\/?p=22228"},"modified":"2020-03-21T18:58:26","modified_gmt":"2020-03-21T18:58:26","slug":"invita-regidora-a-apoyar-la-inclusion-de-personas-con-sindrome-de-down","status":"publish","type":"post","link":"https:\/\/notiissa.mx\/?p=22228","title":{"rendered":"Invita regidora a apoyar la inclusi\u00f3n de personas con S\u00edndrome de Down"},"content":{"rendered":"\n<p>Chihuahua. La regidora Adriana Diaz Negrete invita a unirse a la campa\u00f1a #calcetineslocosadn21  #crazysocksadn21 #decidimos #vaportimatteo con motivo del D\u00eda Mundial  del S\u00edndrome de Down que se celebra hoy 21 de marzo. <\/p>\n\n\n\n<p>Hizo un llamado a la poblaci\u00f3n para  reconocer y apoyar la inclusi\u00f3n de personas con S\u00edndrome de Down, as\u00ed como promover una participaci\u00f3n efectiva y significativa de la sociedad a favor de ellas, <\/p>\n\n\n\n<p> Las personas con s\u00edndrome de Down cuentan con una alteraci\u00f3n gen\u00e9tica, en su ADN, causada por la existencia de material gen\u00e9tico extra en el cromosoma 21, llamado trisom\u00eda del par 21. <\/p>\n\n\n\n<p> A\u00f1o con a\u00f1o la Regidora Diaz Negrete lleva a cabo una actividad para reconocer a las personas con S\u00edndrome de Down. Por esta ocasi\u00f3n convoc\u00f3 a los interesados a que se calcen los \u201cCrazy Socks\u201d, se tomen una fotograf\u00eda y la suban a Redes Sociales con el hashtag #crazysockadn21 #calcetineslocosadn21 #vaportimatteo #decidimos, as\u00ed mismo que hagan extensiva esta invitaci\u00f3n a amigos y familiares para que se unan en esta actividad.<\/p>\n\n\n\n<p> Sin demeritar la contingencia de salud por la que estamos atravesando y en la que est\u00e1 puesta toda la atenci\u00f3n del mundo, no queremos dejar pasar este d\u00eda por la importancia de generar conciencia e integrar a estas personas, por lo que invitamos a los ciudadanos a que se solidaricen vistiendo calcetines impares: ya sea de colores diferentes, de colores brillantes o estampados, con el fin de representar la condici\u00f3n impar del cromosoma n\u00famero 21\u201d, dijo.<\/p>\n\n\n\n<p> \u201cCon este gesto promovemos la inclusi\u00f3n de personas con S\u00edndrome de Down y buscamos fomentar una actividad distinta en la agenda de las familias que se encuentran en sus casas cuidando su salud para prevenir el contagio del COVID-19\u201d.<\/p>\n\n\n\n<p> \u201cLas personas con S\u00edndrome Down tienen bajo tono muscular, conocido como hipoton\u00eda, por lo que les tomara m\u00e1s tiempo para hablar, caminar y comer los mismos alimentos que otras personas, pero trabajan de manera extraordinaria para lograrlo, pueden vivir una vida independiente y exitosa, concluir una carrera universitaria, tocar una sinfon\u00eda, aprender a manejar, hasta escalar el monte Everest. No los dejemos fuera.\u201d<\/p>\n\n\n\n<p> El tema para el D\u00eda Mundial del S\u00edndrome Down 2020 es \u00abDecidimos\u00bb con lo cual se promueve la participaci\u00f3n plena en la toma de decisiones sobre los asuntos relacionados con sus vidas o que les afecten.<\/p>\n","protected":false},"excerpt":{"rendered":"<p>Chihuahua. La regidora Adriana Diaz Negrete invita a unirse a la campa\u00f1a #calcetineslocosadn21 #crazysocksadn21 #decidimos #vaportimatteo con motivo del D\u00eda Mundial del S\u00edndrome de Down que se celebra hoy 21 de marzo. Hizo un llamado a la poblaci\u00f3n para reconocer y apoyar la inclusi\u00f3n de personas con S\u00edndrome de Down, as\u00ed como promover una participaci\u00f3n [&hellip;]<\/p>\n","protected":false},"author":1,"featured_media":22229,"comment_status":"open","ping_status":"open","sticky":false,"template":"","format":"standard","meta":{"rop_custom_images_group":[],"rop_custom_messages_group":[],"rop_publish_now":"initial","rop_publish_now_accounts":[],"rop_publish_now_history":[],"rop_publish_now_status":"pending","footnotes":""},"categories":[67,71],"tags":[23],"class_list":["post-22228","post","type-post","status-publish","format-standard","has-post-thumbnail","hentry","category-ciudad","category-salud","tag-destacado"],"_links":{"self":[{"href":"https:\/\/notiissa.mx\/index.php?rest_route=\/wp\/v2\/posts\/22228","targetHints":{"allow":["GET"]}}],"collection":[{"href":"https:\/\/notiissa.mx\/index.php?rest_route=\/wp\/v2\/posts"}],"about":[{"href":"https:\/\/notiissa.mx\/index.php?rest_route=\/wp\/v2\/types\/post"}],"author":[{"embeddable":true,"href":"https:\/\/notiissa.mx\/index.php?rest_route=\/wp\/v2\/users\/1"}],"replies":[{"embeddable":true,"href":"https:\/\/notiissa.mx\/index.php?rest_route=%2Fwp%2Fv2%2Fcomments&post=22228"}],"version-history":[{"count":3,"href":"https:\/\/notiissa.mx\/index.php?rest_route=\/wp\/v2\/posts\/22228\/revisions"}],"predecessor-version":[{"id":22234,"href":"https:\/\/notiissa.mx\/index.php?rest_route=\/wp\/v2\/posts\/22228\/revisions\/22234"}],"wp:featuredmedia":[{"embeddable":true,"href":"https:\/\/notiissa.mx\/index.php?rest_route=\/wp\/v2\/media\/22229"}],"wp:attachment":[{"href":"https:\/\/notiissa.mx\/index.php?rest_route=%2Fwp%2Fv2%2Fmedia&parent=22228"}],"wp:term":[{"taxonomy":"category","embeddable":true,"href":"https:\/\/notiissa.mx\/index.php?rest_route=%2Fwp%2Fv2%2Fcategories&post=22228"},{"taxonomy":"post_tag","embeddable":true,"href":"https:\/\/notiissa.mx\/index.php?rest_route=%2Fwp%2Fv2%2Ftags&post=22228"}],"curies":[{"name":"wp","href":"https:\/\/api.w.org\/{rel}","templated":true}]}}