{"id":22219,"date":"2020-03-20T20:11:48","date_gmt":"2020-03-20T20:11:48","guid":{"rendered":"http:\/\/notiissa.mx\/?p=22219"},"modified":"2020-03-20T20:11:48","modified_gmt":"2020-03-20T20:11:48","slug":"lamentable-que-se-discutan-reformas-electorales-en-medio-de-una-crisis-de-salud-cpc","status":"publish","type":"post","link":"https:\/\/notiissa.mx\/?p=22219","title":{"rendered":"\u00abLamentable que se discutan reformas electorales en medio de una crisis de salud\u00bb: CPC"},"content":{"rendered":"\n<p><strong>* Analizaremos con lupa en el Senado, las reformas sobre la reelecci\u00f3n: Cruz P\u00e9rez Cu\u00e9llar\u00a0<\/strong><\/p>\n\n\n\n<p><strong>Ciudad de M\u00e9xico.-&nbsp;<\/strong>El\n senador por Morena, Cruz P\u00e9rez Cu\u00e9llar, lament\u00f3 que en medio de una \ncontingencia sanitaria se est\u00e9n discutiendo en la C\u00e1mara de Diputados \nreformas electorales que permitir\u00e1n la reelecci\u00f3n para diputados \nfederales y senadores, y asever\u00f3 que dichas reformas ser\u00e1n analizadas \ncon especial atenci\u00f3n en el Senado de la Rep\u00fablica.&nbsp;<\/p>\n\n\n\n<p>Lo\n anterior, luego de que en la C\u00e1mara de Diputados se aprobara una \nReforma Electoral \u2018expr\u00e9s\u2019, que abre la posibilidad de la reelecci\u00f3n \npara los cargos de diputados federales y senadores, con la posibilidad \nde contender sin separarse del cargo y manteniendo dieta, oficinas \nlegislativas y personal a su cargo.<\/p>\n\n\n\n<p>Dichas\n reformas aprobadas por mayor\u00eda en el Congreso de la Uni\u00f3n, estipulan \nque los senadores podr\u00edan ser electos hasta por dos periodos \nconsecutivos, y los diputados federales hasta por cuatro periodos \nconsecutivos, adem\u00e1s de que podr\u00e1n \u2018saltar\u2019 de legisladores de mayor\u00eda a\n plurinominal o postularse por distinto distrito o circunscripci\u00f3n.<\/p>\n\n\n\n<p>Asimismo,\n las reformas electorales abrir\u00e1n todos los candados para la reelecci\u00f3n \nde diputados federales y senadores, incluso habr\u00e1 la posibilidad de que \nlos legisladores que militen en un partido podr\u00e1n buscar la reelecci\u00f3n \ncomo \u2018independientes\u2019.<\/p>\n\n\n\n<p>Por\n lo anterior, el senador Cruz P\u00e9rez Cu\u00e9llar, lament\u00f3 la falta de \nsensibilidad pol\u00edtica de la mayor\u00eda en el Congreso de la Uni\u00f3n, al estar\n discutiendo temas de car\u00e1cter electoral, en medio de una crisis en \nmateria de salud por el Covid-19.&nbsp;<\/p>\n\n\n\n<p>\u201cVamos\n a revisar en el Senado de la Rep\u00fablica con mucho cuidado lo que se \nreform\u00f3 en materia electoral en la C\u00e1mara de Diputados, para votar a \nconciencia y pensando siempre en el inter\u00e9s de los ciudadanos\u201d asever\u00f3 \nel senador chihuahuense.<\/p>\n","protected":false},"excerpt":{"rendered":"<p>* Analizaremos con lupa en el Senado, las reformas sobre la reelecci\u00f3n: Cruz P\u00e9rez Cu\u00e9llar\u00a0 Ciudad de M\u00e9xico.-&nbsp;El senador por Morena, Cruz P\u00e9rez Cu\u00e9llar, lament\u00f3 que en medio de una contingencia sanitaria se est\u00e9n discutiendo en la C\u00e1mara de Diputados reformas electorales que permitir\u00e1n la reelecci\u00f3n para diputados federales y senadores, y asever\u00f3 que dichas [&hellip;]<\/p>\n","protected":false},"author":1,"featured_media":22220,"comment_status":"open","ping_status":"open","sticky":false,"template":"","format":"standard","meta":{"rop_custom_images_group":[],"rop_custom_messages_group":[],"rop_publish_now":"initial","rop_publish_now_accounts":[],"rop_publish_now_history":[],"rop_publish_now_status":"pending","footnotes":""},"categories":[72,77],"tags":[],"class_list":["post-22219","post","type-post","status-publish","format-standard","has-post-thumbnail","hentry","category-estado","category-ni-lectoris"],"_links":{"self":[{"href":"https:\/\/notiissa.mx\/index.php?rest_route=\/wp\/v2\/posts\/22219","targetHints":{"allow":["GET"]}}],"collection":[{"href":"https:\/\/notiissa.mx\/index.php?rest_route=\/wp\/v2\/posts"}],"about":[{"href":"https:\/\/notiissa.mx\/index.php?rest_route=\/wp\/v2\/types\/post"}],"author":[{"embeddable":true,"href":"https:\/\/notiissa.mx\/index.php?rest_route=\/wp\/v2\/users\/1"}],"replies":[{"embeddable":true,"href":"https:\/\/notiissa.mx\/index.php?rest_route=%2Fwp%2Fv2%2Fcomments&post=22219"}],"version-history":[{"count":1,"href":"https:\/\/notiissa.mx\/index.php?rest_route=\/wp\/v2\/posts\/22219\/revisions"}],"predecessor-version":[{"id":22221,"href":"https:\/\/notiissa.mx\/index.php?rest_route=\/wp\/v2\/posts\/22219\/revisions\/22221"}],"wp:featuredmedia":[{"embeddable":true,"href":"https:\/\/notiissa.mx\/index.php?rest_route=\/wp\/v2\/media\/22220"}],"wp:attachment":[{"href":"https:\/\/notiissa.mx\/index.php?rest_route=%2Fwp%2Fv2%2Fmedia&parent=22219"}],"wp:term":[{"taxonomy":"category","embeddable":true,"href":"https:\/\/notiissa.mx\/index.php?rest_route=%2Fwp%2Fv2%2Fcategories&post=22219"},{"taxonomy":"post_tag","embeddable":true,"href":"https:\/\/notiissa.mx\/index.php?rest_route=%2Fwp%2Fv2%2Ftags&post=22219"}],"curies":[{"name":"wp","href":"https:\/\/api.w.org\/{rel}","templated":true}]}}