{"id":22113,"date":"2020-03-18T18:30:37","date_gmt":"2020-03-18T18:30:37","guid":{"rendered":"http:\/\/notiissa.mx\/?p=22113"},"modified":"2020-03-18T18:30:38","modified_gmt":"2020-03-18T18:30:38","slug":"se-registran-475-nuevas-muertes-y-4-207-contagiados-por-coronavirus-en-italia-el-mayor-aumento-en-24-horas","status":"publish","type":"post","link":"https:\/\/notiissa.mx\/?p=22113","title":{"rendered":"Se registran 475 nuevas muertes y 4.207 contagiados por coronavirus en Italia, el mayor aumento en 24 horas"},"content":{"rendered":"\n<p> Desde el comienzo de la pandemia en el pa\u00eds europeo se han registrado un total de 35.713 personas infectadas y 4.025 muertes.              <\/p>\n\n\n\n<p>Las autoridades sanitarias italianas han reportado  este 18 de marzo 4.207 nuevos casos confirmados de coronavirus y 475  nuevas muertes en su territorio durante las \u00faltimas 24 horas, lo que  supone <strong>el mayor aumento<\/strong> hasta la fecha.<\/p>\n\n\n\n<p>Estas nuevas cifras elevan a un total de <strong>35.713 el n\u00famero de personas infectadas y a 4.025 los casos fatales<\/strong> por covid-19 desde que comenz\u00f3 la pandemia en el pa\u00eds europeo.<\/p>\n\n\n\n<p>Actualmente se encuentran en cuidados intensivos 2.257 personas y 12.090 se encuentran en cuarentena en el hogar.<\/p>\n\n\n\n<p>El informe tambi\u00e9n se\u00f1ala que hay 14.363 pacientes hospitalizados que tienen s\u00edntomas de la enfermedad.<\/p>\n\n\n\n<p>Las <strong>regiones m\u00e1s afectadas<\/strong>\n son: Lombard\u00eda con 17.713 casos, seguida de Emilia-Roma\u00f1a 4.525, V\u00e9neto\n 3.214, Piamonte 2.341, Marche 1.568 y Liguria donde se han detectado \n887 nuevos casos.<\/p>\n\n\n\n<p>A nivel mundial el n\u00famero total de infectados \ncon el nuevo coronavirus ha alcanzado este mi\u00e9rcoles las 201.634 \npersonas, al mismo tiempo que se contabilizan 8.007 fallecimientos \nasociados con el brote del covid-19.<\/p>\n\n\n\n<p>La semana pasada la OMS advirti\u00f3 que ahora el \u00abepicentro de la pandemia\u00bb es Europa, siendo Italia la naci\u00f3n que m\u00e1s muertes ha registrado en los \u00faltimos d\u00edas.<\/p>\n\n\n\n<p>RT<\/p>\n\n\n\n<p><\/p>\n","protected":false},"excerpt":{"rendered":"<p>Desde el comienzo de la pandemia en el pa\u00eds europeo se han registrado un total de 35.713 personas infectadas y 4.025 muertes. Las autoridades sanitarias italianas han reportado este 18 de marzo 4.207 nuevos casos confirmados de coronavirus y 475 nuevas muertes en su territorio durante las \u00faltimas 24 horas, lo que supone el mayor [&hellip;]<\/p>\n","protected":false},"author":1,"featured_media":22114,"comment_status":"open","ping_status":"open","sticky":false,"template":"","format":"standard","meta":{"rop_custom_images_group":[],"rop_custom_messages_group":[],"rop_publish_now":"initial","rop_publish_now_accounts":[],"rop_publish_now_history":[],"rop_publish_now_status":"pending","footnotes":""},"categories":[75,71],"tags":[],"class_list":["post-22113","post","type-post","status-publish","format-standard","has-post-thumbnail","hentry","category-actualidad","category-salud"],"_links":{"self":[{"href":"https:\/\/notiissa.mx\/index.php?rest_route=\/wp\/v2\/posts\/22113","targetHints":{"allow":["GET"]}}],"collection":[{"href":"https:\/\/notiissa.mx\/index.php?rest_route=\/wp\/v2\/posts"}],"about":[{"href":"https:\/\/notiissa.mx\/index.php?rest_route=\/wp\/v2\/types\/post"}],"author":[{"embeddable":true,"href":"https:\/\/notiissa.mx\/index.php?rest_route=\/wp\/v2\/users\/1"}],"replies":[{"embeddable":true,"href":"https:\/\/notiissa.mx\/index.php?rest_route=%2Fwp%2Fv2%2Fcomments&post=22113"}],"version-history":[{"count":1,"href":"https:\/\/notiissa.mx\/index.php?rest_route=\/wp\/v2\/posts\/22113\/revisions"}],"predecessor-version":[{"id":22115,"href":"https:\/\/notiissa.mx\/index.php?rest_route=\/wp\/v2\/posts\/22113\/revisions\/22115"}],"wp:featuredmedia":[{"embeddable":true,"href":"https:\/\/notiissa.mx\/index.php?rest_route=\/wp\/v2\/media\/22114"}],"wp:attachment":[{"href":"https:\/\/notiissa.mx\/index.php?rest_route=%2Fwp%2Fv2%2Fmedia&parent=22113"}],"wp:term":[{"taxonomy":"category","embeddable":true,"href":"https:\/\/notiissa.mx\/index.php?rest_route=%2Fwp%2Fv2%2Fcategories&post=22113"},{"taxonomy":"post_tag","embeddable":true,"href":"https:\/\/notiissa.mx\/index.php?rest_route=%2Fwp%2Fv2%2Ftags&post=22113"}],"curies":[{"name":"wp","href":"https:\/\/api.w.org\/{rel}","templated":true}]}}