{"id":22110,"date":"2020-03-18T18:25:00","date_gmt":"2020-03-18T18:25:00","guid":{"rendered":"http:\/\/notiissa.mx\/?p=22110"},"modified":"2020-03-18T18:25:01","modified_gmt":"2020-03-18T18:25:01","slug":"la-oms-han-comenzado-las-primeras-pruebas-de-la-vacuna-contra-el-coronavirus","status":"publish","type":"post","link":"https:\/\/notiissa.mx\/?p=22110","title":{"rendered":"La OMS: \u00abHan comenzado las primeras pruebas de la vacuna contra el coronavirus\u00bb"},"content":{"rendered":"\n<p>El organismo sigue instando a todos los pa\u00edses a que \u00abimplementen un  enfoque integral, con el objetivo de frenar la transmisi\u00f3n del covid-19 y  aplanar la curva\u00bbde infecciones.       <\/p>\n\n\n\n<p> El director de la Organizaci\u00f3n Mundial de la Salud (OMS), Tedros  Adhanom Ghebreyesus, ha anunciado que finalmente ha comenzado la primera  prueba de una vacuna contra el coronavirus.<\/p>\n\n\n\n<p>\u00abEl primer ensayo de  la vacuna ha comenzado, solo 60 d\u00edas despu\u00e9s de que se compartiera la  secuencia gen\u00e9tica del coronavirus. Este es un logro incre\u00edble.  Elogiamos a los investigadores de todo el mundo que se han unido para  evaluar sistem\u00e1ticamente la terap\u00e9utica experimental\u00bb, reza su  comunicado, difundido a trav\u00e9s de Twitter.<\/p>\n\n\n\n<h3 class=\"wp-block-heading\">El proyecto&nbsp;&#8216;Solidaridad&#8217;<\/h3>\n\n\n\n<p>El  gerente de la OMS ha explicado que m\u00faltiples ensayos peque\u00f1os con  diferentes m\u00e9todos no pueden brindar \u00abla evidencia clara y s\u00f3lida que  necesitamos sobre qu\u00e9 tratamientos ayudan a salvar vidas\u00bb.<\/p>\n\n\n\n<p>Por ello la OMS y sus socios est\u00e1n organizando un estudio en muchos pa\u00edses en el marco del cual \u00ab<strong>algunos de estos tratamientos no probados se comparen entre s\u00ed<\/strong>\u00ab, se\u00f1al\u00f3 Ghebreyesus.<\/p>\n\n\n\n<p>\u00abEste\n gran estudio internacional est\u00e1 dise\u00f1ado para generar los datos s\u00f3lidos\n que necesitamos, para mostrar qu\u00e9 tratamientos son los m\u00e1s efectivos. A\n este estudio lo hemos denominado ensayo &#8216;Solidaridad'\u00bb, ha se\u00f1alado el \njefe del organismo.<\/p>\n\n\n\n<p>De acuerdo con la OMS, muchos pa\u00edses ya han  confirmado que se unir\u00e1n al proyecto, entre ellos: Argentina, Bahrein,  Canad\u00e1, Francia, Ir\u00e1n, Noruega, Sud\u00e1frica, Espa\u00f1a, Suiza y Tailandia.<\/p>\n\n\n\n<h3 class=\"wp-block-heading\">\u00abUn enfoque integral\u00bb<\/h3>\n\n\n\n<p>Asimsimo, Ghebreyesus ha subrayado que \nla OMS sigue instando a todos los pa\u00edses a que \u00abimplementen un enfoque \nintegral, con el objetivo de frenar la transmisi\u00f3n del covid-19 y \naplanar la curva\u00bbde infecciones.<\/p>\n\n\n\n<p>\u00abEste enfoque est\u00e1 salvando vidas y dando tiempo para el desarrollo de vacunas y tratamientos\u00bb, ha asegurado el funcinario.<\/p>\n\n\n\n<p>Mientras tanto, el coronavirus\u00a0ha dejado\u00a0al menos<strong> 8.200 muertos y m\u00e1s de 207.000 infectados<\/strong> a nivel global, seg\u00fan datos de\u00a0la Universidad de Johns Hopkins en EE.UU.<\/p>\n\n\n\n<p>RT<\/p>\n\n\n\n<p><\/p>\n\n\n\n<p>      <\/p>\n","protected":false},"excerpt":{"rendered":"<p>El organismo sigue instando a todos los pa\u00edses a que \u00abimplementen un enfoque integral, con el objetivo de frenar la transmisi\u00f3n del covid-19 y aplanar la curva\u00bbde infecciones. El director de la Organizaci\u00f3n Mundial de la Salud (OMS), Tedros Adhanom Ghebreyesus, ha anunciado que finalmente ha comenzado la primera prueba de una vacuna contra el [&hellip;]<\/p>\n","protected":false},"author":1,"featured_media":22111,"comment_status":"open","ping_status":"open","sticky":false,"template":"","format":"standard","meta":{"rop_custom_images_group":[],"rop_custom_messages_group":[],"rop_publish_now":"initial","rop_publish_now_accounts":[],"rop_publish_now_history":[],"rop_publish_now_status":"pending","footnotes":""},"categories":[75,71],"tags":[23],"class_list":["post-22110","post","type-post","status-publish","format-standard","has-post-thumbnail","hentry","category-actualidad","category-salud","tag-destacado"],"_links":{"self":[{"href":"https:\/\/notiissa.mx\/index.php?rest_route=\/wp\/v2\/posts\/22110","targetHints":{"allow":["GET"]}}],"collection":[{"href":"https:\/\/notiissa.mx\/index.php?rest_route=\/wp\/v2\/posts"}],"about":[{"href":"https:\/\/notiissa.mx\/index.php?rest_route=\/wp\/v2\/types\/post"}],"author":[{"embeddable":true,"href":"https:\/\/notiissa.mx\/index.php?rest_route=\/wp\/v2\/users\/1"}],"replies":[{"embeddable":true,"href":"https:\/\/notiissa.mx\/index.php?rest_route=%2Fwp%2Fv2%2Fcomments&post=22110"}],"version-history":[{"count":1,"href":"https:\/\/notiissa.mx\/index.php?rest_route=\/wp\/v2\/posts\/22110\/revisions"}],"predecessor-version":[{"id":22112,"href":"https:\/\/notiissa.mx\/index.php?rest_route=\/wp\/v2\/posts\/22110\/revisions\/22112"}],"wp:featuredmedia":[{"embeddable":true,"href":"https:\/\/notiissa.mx\/index.php?rest_route=\/wp\/v2\/media\/22111"}],"wp:attachment":[{"href":"https:\/\/notiissa.mx\/index.php?rest_route=%2Fwp%2Fv2%2Fmedia&parent=22110"}],"wp:term":[{"taxonomy":"category","embeddable":true,"href":"https:\/\/notiissa.mx\/index.php?rest_route=%2Fwp%2Fv2%2Fcategories&post=22110"},{"taxonomy":"post_tag","embeddable":true,"href":"https:\/\/notiissa.mx\/index.php?rest_route=%2Fwp%2Fv2%2Ftags&post=22110"}],"curies":[{"name":"wp","href":"https:\/\/api.w.org\/{rel}","templated":true}]}}