{"id":22102,"date":"2020-03-17T23:44:43","date_gmt":"2020-03-17T23:44:43","guid":{"rendered":"http:\/\/notiissa.mx\/?p=22102"},"modified":"2020-03-17T23:44:43","modified_gmt":"2020-03-17T23:44:43","slug":"sp-preve-que-el-coronavirus-causara-una-recesion-global","status":"publish","type":"post","link":"https:\/\/notiissa.mx\/?p=22102","title":{"rendered":"S&#038;P prev\u00e9 que el coronavirus causar\u00e1 una recesi\u00f3n global"},"content":{"rendered":"\n<p> Los expertos de la agencia ofrecieron los primeros c\u00e1lculos para la ca\u00edda que va a experimentar la econom\u00eda este a\u00f1o.              <\/p>\n\n\n\n<p>El par\u00f3n econ\u00f3mico causado por las medidas tomadas por los gobiernos \npara luchar contra la propagaci\u00f3n del coronavirus causar\u00e1 una recesi\u00f3n \nglobal este a\u00f1o, pronostica la agencia de calificaci\u00f3n de riesgos \nS&amp;P Global, que prev\u00e9 asimismo un aumento superior al 10 % en las \ntasas de morosidad corporativa en EE.UU.<\/p>\n\n\n\n<p>\u00abLa repentina parada  econ\u00f3mica causada por las medidas de contenci\u00f3n de covid-19 llevar\u00e1 a  una recesi\u00f3n global este a\u00f1o\u00bb, dicen los expertos en un nuevo informe  que Reuters recoge  este martes. Asimismo, se\u00f1alan que una ca\u00edda en el flujo monetario y  unas condiciones financieras mucho m\u00e1s estrictas, en paralelo a la  sacudida provocada por el desplome de los precios del petr\u00f3leo,  afectar\u00e1n a la solvencia crediticia.<\/p>\n\n\n\n<p>A su juicio, es probable que \u00abestos factores provoquen un aumento de \nlos impagos, con una tasa de incumplimiento en las empresas no \nfinancieras de Estados Unidos que puede subir por encima del 10 % y \nalcanzar d\u00edgitos altos en Europa en los pr\u00f3ximos 12 meses\u00bb.<\/p>\n\n\n\n<p>Por su  parte, el ministro de Finanzas de Francia, Bruno Le Maire, pronostic\u00f3  este martes una reducci\u00f3n del 1 % del PIB de su pa\u00eds en el 2020 y  prometi\u00f3 ayudas del Estado directas e indirectas para hacer frente a la  situaci\u00f3n.<\/p>\n\n\n\n<p>RT<\/p>\n","protected":false},"excerpt":{"rendered":"<p>Los expertos de la agencia ofrecieron los primeros c\u00e1lculos para la ca\u00edda que va a experimentar la econom\u00eda este a\u00f1o. El par\u00f3n econ\u00f3mico causado por las medidas tomadas por los gobiernos para luchar contra la propagaci\u00f3n del coronavirus causar\u00e1 una recesi\u00f3n global este a\u00f1o, pronostica la agencia de calificaci\u00f3n de riesgos S&amp;P Global, que prev\u00e9 [&hellip;]<\/p>\n","protected":false},"author":1,"featured_media":22103,"comment_status":"open","ping_status":"open","sticky":false,"template":"","format":"standard","meta":{"rop_custom_images_group":[],"rop_custom_messages_group":[],"rop_publish_now":"initial","rop_publish_now_accounts":[],"rop_publish_now_history":[],"rop_publish_now_status":"pending","footnotes":""},"categories":[61,60],"tags":[],"class_list":["post-22102","post","type-post","status-publish","format-standard","has-post-thumbnail","hentry","category-economia","category-sonnoticia"],"_links":{"self":[{"href":"https:\/\/notiissa.mx\/index.php?rest_route=\/wp\/v2\/posts\/22102","targetHints":{"allow":["GET"]}}],"collection":[{"href":"https:\/\/notiissa.mx\/index.php?rest_route=\/wp\/v2\/posts"}],"about":[{"href":"https:\/\/notiissa.mx\/index.php?rest_route=\/wp\/v2\/types\/post"}],"author":[{"embeddable":true,"href":"https:\/\/notiissa.mx\/index.php?rest_route=\/wp\/v2\/users\/1"}],"replies":[{"embeddable":true,"href":"https:\/\/notiissa.mx\/index.php?rest_route=%2Fwp%2Fv2%2Fcomments&post=22102"}],"version-history":[{"count":1,"href":"https:\/\/notiissa.mx\/index.php?rest_route=\/wp\/v2\/posts\/22102\/revisions"}],"predecessor-version":[{"id":22104,"href":"https:\/\/notiissa.mx\/index.php?rest_route=\/wp\/v2\/posts\/22102\/revisions\/22104"}],"wp:featuredmedia":[{"embeddable":true,"href":"https:\/\/notiissa.mx\/index.php?rest_route=\/wp\/v2\/media\/22103"}],"wp:attachment":[{"href":"https:\/\/notiissa.mx\/index.php?rest_route=%2Fwp%2Fv2%2Fmedia&parent=22102"}],"wp:term":[{"taxonomy":"category","embeddable":true,"href":"https:\/\/notiissa.mx\/index.php?rest_route=%2Fwp%2Fv2%2Fcategories&post=22102"},{"taxonomy":"post_tag","embeddable":true,"href":"https:\/\/notiissa.mx\/index.php?rest_route=%2Fwp%2Fv2%2Ftags&post=22102"}],"curies":[{"name":"wp","href":"https:\/\/api.w.org\/{rel}","templated":true}]}}