{"id":22077,"date":"2020-03-17T18:02:17","date_gmt":"2020-03-17T18:02:17","guid":{"rendered":"http:\/\/notiissa.mx\/?p=22077"},"modified":"2020-03-17T18:02:17","modified_gmt":"2020-03-17T18:02:17","slug":"pronostican-que-coronavirus-podria-durar-al-menos-12-semanas-en-mexico","status":"publish","type":"post","link":"https:\/\/notiissa.mx\/?p=22077","title":{"rendered":"Pronostican que coronavirus podr\u00eda durar al menos 12 semanas en M\u00e9xico"},"content":{"rendered":"\n<p> L\u00f3pez-Gatell anticip\u00f3 que M\u00e9xico destinar\u00e1 casi 3 mil 500 millones de pesos para atender el brote de Covid-19 . <\/p>\n\n\n\n<p> <strong>Hugo L\u00f3pez-Gatell Ram\u00edrez<\/strong>, subsecretario de Prevenci\u00f3n y Promoci\u00f3n de la Salud, reiter\u00f3 durante la conferencia matutina que la <strong>pandemia del coronavirus en M\u00e9xico<\/strong> no ser\u00e1 corta y adelant\u00f3 que <strong>cuando menos, esta tendr\u00e1 una duraci\u00f3n de 12 semanas<\/strong>, pues es la experiencia que ya tiene tiene de China. <\/p>\n\n\n\n<p>Desde Palacio Nacional, agreg\u00f3 que \ntras llegar a ese punto m\u00e1ximo, la enfermedad comenz\u00f3 a tener un \ndescenso en el pa\u00eds asi\u00e1tico, aunque aclar\u00f3 que esto no fue \nnecesariamente por las medidas de contenci\u00f3n extremas que se tomaron.&nbsp;<\/p>\n\n\n\n<p>\u201cYa vendr\u00e1n los estudios serol\u00f3gicos,  que son los que se hacen a una muestra representativa de la poblaci\u00f3n,  se le toma sangre y se analizan los anticuerpos para ver si  desarrollaron defensas y se ver\u00e1 el enorme porcentaje de las personas  que fueron infectadas a pesar de no haber tenido enfermedad\u201d, explic\u00f3.\u00a0<\/p>\n\n\n\n<p>Sin embargo, sostuvo que tambi\u00e9n se debe tomar en cuenta que <strong>cada pa\u00eds tiene distintas caracter\u00edsticas<\/strong>, por lo que <strong>ese escenario m\u00ednimo de duraci\u00f3n puede llegar a tener peque\u00f1os repuntes<\/strong> secundarios que prolongar\u00edan la necesidad de medidas de mitigaci\u00f3n y control.<\/p>\n\n\n\n<p>\u201cSi uno anticipa estas medidas \ndemasiado temprano, uno extingue o agota la capacidad de la sociedad de \nmantenerlas y si bien las intervenciones en este momento tienen \nutilidad, posiblemente van a tener mayor utilidad despu\u00e9s\u201d, subray\u00f3.<\/p>\n\n\n\n<p>\u201c<strong>No debemos, actuando  responsablemente, agotar a la sociedad y esta es una lecci\u00f3n aprendida  del mundo, pero tambi\u00e9n de M\u00e9xico en 2009<\/strong> cuando las distintas  intervenciones que se tomaron primero, con una base t\u00e9cnicas coordinada  por el propio secretario de Salud de entonces, se empezaron a implantar  demasiado temprano porque permeo este estado de ansiedad que afect\u00f3 a  los liderazgos pol\u00edticos y se anticiparon decisiones que t\u00e9cnicamente no  era indispensables. Obviamente en un contexto en donde tambi\u00e9n ten\u00edamos  una epidemia que surgi\u00f3 en Norteam\u00e9rica y que por lo tanto hab\u00eda mayor  incertidumbre sobre su curso\u201d, a\u00f1adi\u00f3.<\/p>\n\n\n\n<p>Por lo anterior,<strong> llam\u00f3 a mantener la calma, mas no a desatender las circunstancias<\/strong>\n y enfocarse en lo que sirve, que por el momento, dijo, son las medidas \nde higiene b\u00e1sica: lavarse las manos, cuidar el estornudo de etiqueta o \ncon un cubrebocas para las personas enfermas y la recuperaci\u00f3n efectiva,\n es decir, que se mantengan en casa, todos los que tengan s\u00edntomas, sin \nque necesariamente les confirmen que tengan Covid-19.<\/p>\n\n\n\n<p>Tambi\u00e9n manifest\u00f3 que por el momento \nse suspender\u00e1n de manera temporal las actividades no esenciales, que son\n aquellas que no afectan al funcionamiento de las distintas \norganizaciones gubernamentales, sociales y privadas; al igual que los \neventos de concentraci\u00f3n masiva, de cinco mil o m\u00e1s personas.<\/p>\n\n\n\n<p>Y pidi\u00f3 a la poblaci\u00f3n mantenerse  informada para no propagar rumores que solo crean espirales de  desinformaci\u00f3n y confusi\u00f3n \u201cque nos afecten a veces m\u00e1s que el virus\u201d.<\/p>\n\n\n\n<h3 class=\"wp-block-heading\"><strong>Presupuesto contra Covid-19<\/strong><\/h3>\n\n\n\n<p>L\u00f3pez-Gatell tambi\u00e9n anticip\u00f3 que <strong>M\u00e9xico destinar\u00e1 casi 3 mil 500 millones de pesos para atender el brote.\u00a0<\/strong><\/p>\n\n\n\n<p>\u201cLa necesidad fue calculada en una \nbase t\u00e9cnica y con colaboraci\u00f3n de todos los que est\u00e1n involucrados en \nla coordinaci\u00f3n de esto\u201d, apunt\u00f3.<\/p>\n\n\n\n<p>\u201c<strong>Contender con una epidemia requiere la participaci\u00f3n de todo el Estado: gobierno y sociedad.<\/strong>\n En M\u00e9xico est\u00e1 involucrado todo el gobierno federal desde su presidente\n hasta las \u00faltimas organizaciones que pueden existir en la \nadministraci\u00f3n p\u00fablica federal, pasando por la Secretar\u00eda de Salud, \nquien coordina, y los distintos organismos que participan en las \nrespuestas. Y tambi\u00e9n los gobiernos estatales\u201d, abund\u00f3.<\/p>\n\n\n\n<p>En cuanto a la sociedad, expuso que  han tenido innumerables encuentros con organizaciones sociales y  privadas para buscar que la respuesta sea articulada y concertada, como  las medidas que se van a tomar para las escuelas.<\/p>\n\n\n\n<p>AN<\/p>\n","protected":false},"excerpt":{"rendered":"<p>L\u00f3pez-Gatell anticip\u00f3 que M\u00e9xico destinar\u00e1 casi 3 mil 500 millones de pesos para atender el brote de Covid-19 . Hugo L\u00f3pez-Gatell Ram\u00edrez, subsecretario de Prevenci\u00f3n y Promoci\u00f3n de la Salud, reiter\u00f3 durante la conferencia matutina que la pandemia del coronavirus en M\u00e9xico no ser\u00e1 corta y adelant\u00f3 que cuando menos, esta tendr\u00e1 una duraci\u00f3n de [&hellip;]<\/p>\n","protected":false},"author":1,"featured_media":22078,"comment_status":"open","ping_status":"open","sticky":false,"template":"","format":"standard","meta":{"rop_custom_images_group":[],"rop_custom_messages_group":[],"rop_publish_now":"initial","rop_publish_now_accounts":[],"rop_publish_now_history":[],"rop_publish_now_status":"pending","footnotes":""},"categories":[75,71],"tags":[],"class_list":["post-22077","post","type-post","status-publish","format-standard","has-post-thumbnail","hentry","category-actualidad","category-salud"],"_links":{"self":[{"href":"https:\/\/notiissa.mx\/index.php?rest_route=\/wp\/v2\/posts\/22077","targetHints":{"allow":["GET"]}}],"collection":[{"href":"https:\/\/notiissa.mx\/index.php?rest_route=\/wp\/v2\/posts"}],"about":[{"href":"https:\/\/notiissa.mx\/index.php?rest_route=\/wp\/v2\/types\/post"}],"author":[{"embeddable":true,"href":"https:\/\/notiissa.mx\/index.php?rest_route=\/wp\/v2\/users\/1"}],"replies":[{"embeddable":true,"href":"https:\/\/notiissa.mx\/index.php?rest_route=%2Fwp%2Fv2%2Fcomments&post=22077"}],"version-history":[{"count":1,"href":"https:\/\/notiissa.mx\/index.php?rest_route=\/wp\/v2\/posts\/22077\/revisions"}],"predecessor-version":[{"id":22079,"href":"https:\/\/notiissa.mx\/index.php?rest_route=\/wp\/v2\/posts\/22077\/revisions\/22079"}],"wp:featuredmedia":[{"embeddable":true,"href":"https:\/\/notiissa.mx\/index.php?rest_route=\/wp\/v2\/media\/22078"}],"wp:attachment":[{"href":"https:\/\/notiissa.mx\/index.php?rest_route=%2Fwp%2Fv2%2Fmedia&parent=22077"}],"wp:term":[{"taxonomy":"category","embeddable":true,"href":"https:\/\/notiissa.mx\/index.php?rest_route=%2Fwp%2Fv2%2Fcategories&post=22077"},{"taxonomy":"post_tag","embeddable":true,"href":"https:\/\/notiissa.mx\/index.php?rest_route=%2Fwp%2Fv2%2Ftags&post=22077"}],"curies":[{"name":"wp","href":"https:\/\/api.w.org\/{rel}","templated":true}]}}