{"id":22062,"date":"2020-03-17T17:21:14","date_gmt":"2020-03-17T17:21:14","guid":{"rendered":"http:\/\/notiissa.mx\/?p=22062"},"modified":"2020-03-17T17:21:15","modified_gmt":"2020-03-17T17:21:15","slug":"se-cancela-evento-de-la-familia-en-grutas-de-nombre-de-dios","status":"publish","type":"post","link":"https:\/\/notiissa.mx\/?p=22062","title":{"rendered":"Se cancela evento de la familia en Grutas de Nombre de Dios"},"content":{"rendered":"\n<p>Chihuahua.-En el DIF Municipal y por instrucci\u00f3nes de  la alcaldesa Maru Campos, se han tomado una serie de medidas  preventivas ante la posibilidad de llegada del coronavirus COVID-19, con  el objetivo de proteger a las familias Chihuahuenses.<\/p>\n\n\n\n<p>Si bien hasta el momento no hay informaci\u00f3n \nsobre casos de coronavirus en la ciudad, es necesario tomar medidas \npreventivas, por lo anterior las Grutas Chihuahua Nombre de Dios \npermanecer\u00e1n cerradas a partir del d\u00eda 15 de marzo, hasta nuevo aviso.<\/p>\n\n\n\n<p>A su vez, el DIF Municipal cancela el evento\n programado para el d\u00eda domingo 22 de marzo en las Grutas de Nombre de \nDios, que ten\u00eda programado con motivo de la celebraci\u00f3n del mes de la \nfamilia.<\/p>\n\n\n\n<p>El DIF Municipal program\u00f3 una serie de \neventos para festejar y fortalecer a las familias de la ciudad, \niniciando el D\u00eda de la familia en las Grutas, en donde asistieron m\u00e1s de\n 1,350 personas, as\u00ed como la Expo Familia en donde recibi\u00f3 a m\u00e1s de 3 \nmil personas, restando 2 eventos por realizarse los cuales ser\u00e1n \nreprogramados o cancelados.<\/p>\n\n\n\n<p>Ninguna acci\u00f3n es menor cuando se trata de la salud de las familias chihuahuenses.<\/p>\n\n\n\n<p>La mejor medida es la prevenci\u00f3n<\/p>\n","protected":false},"excerpt":{"rendered":"<p>Chihuahua.-En el DIF Municipal y por instrucci\u00f3nes de la alcaldesa Maru Campos, se han tomado una serie de medidas preventivas ante la posibilidad de llegada del coronavirus COVID-19, con el objetivo de proteger a las familias Chihuahuenses. Si bien hasta el momento no hay informaci\u00f3n sobre casos de coronavirus en la ciudad, es necesario tomar [&hellip;]<\/p>\n","protected":false},"author":1,"featured_media":22063,"comment_status":"open","ping_status":"open","sticky":false,"template":"","format":"standard","meta":{"rop_custom_images_group":[],"rop_custom_messages_group":[],"rop_publish_now":"initial","rop_publish_now_accounts":[],"rop_publish_now_history":[],"rop_publish_now_status":"pending","footnotes":""},"categories":[67],"tags":[23],"class_list":["post-22062","post","type-post","status-publish","format-standard","has-post-thumbnail","hentry","category-ciudad","tag-destacado"],"_links":{"self":[{"href":"https:\/\/notiissa.mx\/index.php?rest_route=\/wp\/v2\/posts\/22062","targetHints":{"allow":["GET"]}}],"collection":[{"href":"https:\/\/notiissa.mx\/index.php?rest_route=\/wp\/v2\/posts"}],"about":[{"href":"https:\/\/notiissa.mx\/index.php?rest_route=\/wp\/v2\/types\/post"}],"author":[{"embeddable":true,"href":"https:\/\/notiissa.mx\/index.php?rest_route=\/wp\/v2\/users\/1"}],"replies":[{"embeddable":true,"href":"https:\/\/notiissa.mx\/index.php?rest_route=%2Fwp%2Fv2%2Fcomments&post=22062"}],"version-history":[{"count":1,"href":"https:\/\/notiissa.mx\/index.php?rest_route=\/wp\/v2\/posts\/22062\/revisions"}],"predecessor-version":[{"id":22064,"href":"https:\/\/notiissa.mx\/index.php?rest_route=\/wp\/v2\/posts\/22062\/revisions\/22064"}],"wp:featuredmedia":[{"embeddable":true,"href":"https:\/\/notiissa.mx\/index.php?rest_route=\/wp\/v2\/media\/22063"}],"wp:attachment":[{"href":"https:\/\/notiissa.mx\/index.php?rest_route=%2Fwp%2Fv2%2Fmedia&parent=22062"}],"wp:term":[{"taxonomy":"category","embeddable":true,"href":"https:\/\/notiissa.mx\/index.php?rest_route=%2Fwp%2Fv2%2Fcategories&post=22062"},{"taxonomy":"post_tag","embeddable":true,"href":"https:\/\/notiissa.mx\/index.php?rest_route=%2Fwp%2Fv2%2Ftags&post=22062"}],"curies":[{"name":"wp","href":"https:\/\/api.w.org\/{rel}","templated":true}]}}