{"id":21986,"date":"2020-03-13T21:36:20","date_gmt":"2020-03-13T21:36:20","guid":{"rendered":"http:\/\/notiissa.mx\/?p=21986"},"modified":"2020-03-13T21:36:21","modified_gmt":"2020-03-13T21:36:21","slug":"mueren-250-personas-por-el-coronavirus-en-italia-en-las-ultimas-24-horas-y-el-numero-de-fallecidos-aumenta-hasta-1-266","status":"publish","type":"post","link":"https:\/\/notiissa.mx\/?p=21986","title":{"rendered":"Mueren 250 personas por el coronavirus en Italia en las \u00faltimas 24 horas y el n\u00famero de fallecidos aumenta hasta 1.266"},"content":{"rendered":"\n<p> El n\u00famero de casos confirmados en el pa\u00eds transalpino alcanz\u00f3 los  17.660. Entre tanto, 1.439 personas se han recuperado completamente de  la enfermedad.      <\/p>\n\n\n\n<p>  En Italia, la naci\u00f3n m\u00e1s afectada por el coronavirus despu\u00e9s de China,  han fallecido en las \u00faltimas 24 horas otras 250 personas a causa de la  enfermedad, elevando el n\u00famero total a\u00a01.266, informa Reuters con referencia a autoridades locales.   <\/p>\n\n\n\n<p>Esta cifra significa un aumento del 25 % y <strong>el mayor incremento en t\u00e9rminos absolutos<\/strong> desde el inicio del brote en este pa\u00eds.<\/p>\n\n\n\n<p>El\n n\u00famero de casos confirmados en el pa\u00eds transalpino alcanz\u00f3 los 17.660, \nde los 15.113 anteriores, un aumento de alrededor del 17 %.<\/p>\n\n\n\n<p>Entre \ntanto, 1.439 personas se han recuperado completamente de la \nenfermedad.&nbsp;1.328 pacientes se encuentran en cuidados intensivos.<\/p>\n\n\n\n<p>Este viernes,\u00a0la Organizaci\u00f3n Mundial de la Salud (OMS) afirm\u00f3 que\u00a0Europa se ha convertido en el \u00abepicentro de la pandemia de coronavirus\u00bb.\u00a0\u00abAhora\u00a0<strong>se informa de m\u00e1s casos<\/strong>\u00a0[del covid-19 en Europa] cada d\u00eda\u00a0<strong>de lo que se inform\u00f3 en China<\/strong>\u00a0en el apogeo de su epidemia\u00bb, se\u00f1al\u00f3 el jefe del organismo, Tedros Aghanom Ghebreyesus.<\/p>\n\n\n\n<p> Ghebreyesus adem\u00e1s anunci\u00f3 el lanzamiento de un\u00a0<strong>plan de respuesta solidaria al covid-19<\/strong>\u00a0para abordar la necesidad de fondos para prepararse y responder a la propagaci\u00f3n del coronavirus.\u00a0 <\/p>\n\n\n\n<p><\/p>\n\n\n\n<p><\/p>\n","protected":false},"excerpt":{"rendered":"<p>El n\u00famero de casos confirmados en el pa\u00eds transalpino alcanz\u00f3 los 17.660. Entre tanto, 1.439 personas se han recuperado completamente de la enfermedad. En Italia, la naci\u00f3n m\u00e1s afectada por el coronavirus despu\u00e9s de China, han fallecido en las \u00faltimas 24 horas otras 250 personas a causa de la enfermedad, elevando el n\u00famero total a\u00a01.266, [&hellip;]<\/p>\n","protected":false},"author":1,"featured_media":21987,"comment_status":"open","ping_status":"open","sticky":false,"template":"","format":"standard","meta":{"rop_custom_images_group":[],"rop_custom_messages_group":[],"rop_publish_now":"initial","rop_publish_now_accounts":[],"rop_publish_now_history":[],"rop_publish_now_status":"pending","footnotes":""},"categories":[75,71],"tags":[],"class_list":["post-21986","post","type-post","status-publish","format-standard","has-post-thumbnail","hentry","category-actualidad","category-salud"],"_links":{"self":[{"href":"https:\/\/notiissa.mx\/index.php?rest_route=\/wp\/v2\/posts\/21986","targetHints":{"allow":["GET"]}}],"collection":[{"href":"https:\/\/notiissa.mx\/index.php?rest_route=\/wp\/v2\/posts"}],"about":[{"href":"https:\/\/notiissa.mx\/index.php?rest_route=\/wp\/v2\/types\/post"}],"author":[{"embeddable":true,"href":"https:\/\/notiissa.mx\/index.php?rest_route=\/wp\/v2\/users\/1"}],"replies":[{"embeddable":true,"href":"https:\/\/notiissa.mx\/index.php?rest_route=%2Fwp%2Fv2%2Fcomments&post=21986"}],"version-history":[{"count":1,"href":"https:\/\/notiissa.mx\/index.php?rest_route=\/wp\/v2\/posts\/21986\/revisions"}],"predecessor-version":[{"id":21988,"href":"https:\/\/notiissa.mx\/index.php?rest_route=\/wp\/v2\/posts\/21986\/revisions\/21988"}],"wp:featuredmedia":[{"embeddable":true,"href":"https:\/\/notiissa.mx\/index.php?rest_route=\/wp\/v2\/media\/21987"}],"wp:attachment":[{"href":"https:\/\/notiissa.mx\/index.php?rest_route=%2Fwp%2Fv2%2Fmedia&parent=21986"}],"wp:term":[{"taxonomy":"category","embeddable":true,"href":"https:\/\/notiissa.mx\/index.php?rest_route=%2Fwp%2Fv2%2Fcategories&post=21986"},{"taxonomy":"post_tag","embeddable":true,"href":"https:\/\/notiissa.mx\/index.php?rest_route=%2Fwp%2Fv2%2Ftags&post=21986"}],"curies":[{"name":"wp","href":"https:\/\/api.w.org\/{rel}","templated":true}]}}