{"id":21956,"date":"2020-03-12T21:46:25","date_gmt":"2020-03-12T21:46:25","guid":{"rendered":"http:\/\/notiissa.mx\/?p=21956"},"modified":"2020-03-12T21:46:26","modified_gmt":"2020-03-12T21:46:26","slug":"cristiano-ronaldo-esta-en-cuarentena-en-portugal-tras-dar-positivo-por-coronavirus-un-jugador-de-la-juventus","status":"publish","type":"post","link":"https:\/\/notiissa.mx\/?p=21956","title":{"rendered":"Cristiano Ronaldo est\u00e1 en cuarentena en Portugal tras dar positivo por coronavirus un jugador de la Juventus"},"content":{"rendered":"\n<p> La escuadra italiana se encuentra en cuarentena luego de que este  mi\u00e9rcoles su defensa Daniele Rugani diera positivo para el covid-19.  <\/p>\n\n\n\n<p>El delantero de la Juventus Cristiano Ronaldo permanece en cuarentena  en su casa de Madeira (Portugal) despu\u00e9s de que uno de los jugadores  del club italiano,Daniele Rugani, diera positivo del nuevo coronavirus.<\/p>\n\n\n\n<p>La\n estrella portuguesa viaj\u00f3 el pasado 9 de marzo a su pa\u00eds natal para \nvisitar a su madre, quien sufri\u00f3 un accidente cerebrovascular a \nprincipios de este mes. Sin embargo, las autoridades no le permitieron \nregresar a Italia debido a las restricciones de movilidad impuestas en \nese pa\u00eds a causa del brote de covid-19 y de <strong>la cuarentena a la que ha sido sometida La Vecchia Signora<\/strong>.<\/p>\n\n\n\n<p>\u00abCristiano Ronaldo no se ha entrenado y <strong>permanece en Madeira<\/strong> a la espera de los acontecimientos con la actual emergencia sanitaria\u00bb, confirm\u00f3 la Juventus, citada por el diario deportivoAs.<\/p>\n\n\n\n<p>Anteriormente, el diario italiano Tuttosport hab\u00eda informado respecto a un <strong>permiso especial<\/strong>\n otorgado a Ronaldo para viajar a Italia en un vuelo privado desde \nPortugal, pese a las restricciones a\u00e9reas. La idea era tener al jugador \nen los entrenamientos de la Juve de este jueves 12 de marzo, pero \nfinalmente estar\u00e1 ausente.<\/p>\n\n\n\n<p>Este 11 de marzo, el club de Tur\u00edn \ncomunic\u00f3 que su defensa Daniele Rugani hab\u00eda sido diagnosticado con el \ncovid-19. Desde el equipo subrayaron que el futbolista no presenta \nning\u00fan s\u00edntoma de la infecci\u00f3n.<\/p>\n\n\n\n<p>De acuerdo con las \u00faltimas cifras de las autoridades, el n\u00famero de infectados en\u00a0Italia super\u00f3 los 12.400, mientras que\u00a0la cantidad de v\u00edctimas mortales por la enfermedad es de 827.<\/p>\n\n\n\n<p>RT<\/p>\n\n\n\n<p>      <\/p>\n","protected":false},"excerpt":{"rendered":"<p>La escuadra italiana se encuentra en cuarentena luego de que este mi\u00e9rcoles su defensa Daniele Rugani diera positivo para el covid-19. El delantero de la Juventus Cristiano Ronaldo permanece en cuarentena en su casa de Madeira (Portugal) despu\u00e9s de que uno de los jugadores del club italiano,Daniele Rugani, diera positivo del nuevo coronavirus. La estrella [&hellip;]<\/p>\n","protected":false},"author":1,"featured_media":21957,"comment_status":"open","ping_status":"open","sticky":false,"template":"","format":"standard","meta":{"rop_custom_images_group":[],"rop_custom_messages_group":[],"rop_publish_now":"initial","rop_publish_now_accounts":[],"rop_publish_now_history":[],"rop_publish_now_status":"pending","footnotes":""},"categories":[70],"tags":[],"class_list":["post-21956","post","type-post","status-publish","format-standard","has-post-thumbnail","hentry","category-espectaculos"],"_links":{"self":[{"href":"https:\/\/notiissa.mx\/index.php?rest_route=\/wp\/v2\/posts\/21956","targetHints":{"allow":["GET"]}}],"collection":[{"href":"https:\/\/notiissa.mx\/index.php?rest_route=\/wp\/v2\/posts"}],"about":[{"href":"https:\/\/notiissa.mx\/index.php?rest_route=\/wp\/v2\/types\/post"}],"author":[{"embeddable":true,"href":"https:\/\/notiissa.mx\/index.php?rest_route=\/wp\/v2\/users\/1"}],"replies":[{"embeddable":true,"href":"https:\/\/notiissa.mx\/index.php?rest_route=%2Fwp%2Fv2%2Fcomments&post=21956"}],"version-history":[{"count":1,"href":"https:\/\/notiissa.mx\/index.php?rest_route=\/wp\/v2\/posts\/21956\/revisions"}],"predecessor-version":[{"id":21958,"href":"https:\/\/notiissa.mx\/index.php?rest_route=\/wp\/v2\/posts\/21956\/revisions\/21958"}],"wp:featuredmedia":[{"embeddable":true,"href":"https:\/\/notiissa.mx\/index.php?rest_route=\/wp\/v2\/media\/21957"}],"wp:attachment":[{"href":"https:\/\/notiissa.mx\/index.php?rest_route=%2Fwp%2Fv2%2Fmedia&parent=21956"}],"wp:term":[{"taxonomy":"category","embeddable":true,"href":"https:\/\/notiissa.mx\/index.php?rest_route=%2Fwp%2Fv2%2Fcategories&post=21956"},{"taxonomy":"post_tag","embeddable":true,"href":"https:\/\/notiissa.mx\/index.php?rest_route=%2Fwp%2Fv2%2Ftags&post=21956"}],"curies":[{"name":"wp","href":"https:\/\/api.w.org\/{rel}","templated":true}]}}