{"id":21911,"date":"2020-03-11T23:21:13","date_gmt":"2020-03-11T23:21:13","guid":{"rendered":"http:\/\/notiissa.mx\/?p=21911"},"modified":"2020-03-11T23:21:14","modified_gmt":"2020-03-11T23:21:14","slug":"la-oms-declara-el-brote-del-coronavirus-como-pandemia","status":"publish","type":"post","link":"https:\/\/notiissa.mx\/?p=21911","title":{"rendered":"La OMS declara el brote del coronavirus como pandemia"},"content":{"rendered":"\n<p> La OMS ha confirmado m\u00e1s de 118.000 casos de covid-19 en 114 pa\u00edses y 4.291 fallecimientos.              <\/p>\n\n\n\n<p>\u00abLa OMS ha estado evaluando este brote durante todo el d\u00eda y estamos \nprofundamente preocupados tanto por los niveles alarmantes de \npropagaci\u00f3n y gravedad, como por los niveles alarmantes de inacci\u00f3n. Por\n lo tanto, hemos evaluado que el covid-19 puede caracterizarse como una \npandemia\u00bb, ha afirmado el jefe de la Organizaci\u00f3n Mundial de la Salud \n(OMS), Tedros Adhanom Ghebreyesus, durante una conferencia de prensa.<\/p>\n\n\n\n<p>Al\n mismo tiempo,&nbsp;ha advertido&nbsp;que el anuncio de hoy no significa que se \ndeba capitular ante el brote y no cambia la actitud de la OMS hacia el \nvirus.<\/p>\n\n\n\n<p>\u00abPandemia no es una palabra para usar a la ligera o \ndescuidadamente. Es una palabra que, si se usa incorrectamente, puede \ncausar un miedo irrazonable o una aceptaci\u00f3n injustificada de que la \nlucha ha terminado, lo que lleva a un sufrimiento y muerte \ninnecesarios\u00bb, ha dicho Ghebreyesus.<\/p>\n\n\n\n<p>\u00abDescribir la situaci\u00f3n como  una pandemia no cambia la evaluaci\u00f3n de la OMS sobre la amenaza que  representa este coronavirus. No cambia lo que est\u00e1 haciendo la OMS, y no  cambia lo que los pa\u00edses deber\u00edan hacer\u00bb, ha explicado.<\/p>\n\n\n\n<p>Asimismo, el director de la OMS indic\u00f3 que los m\u00e9todos utilizados por\n algunas naciones para frenar la propagaci\u00f3n de la enfermedad pueden ser\n adoptados en otros Estados.<\/p>\n\n\n\n<p>\u00abVarios pa\u00edses han demostrado que este virus puede ser suprimido y controlado\u00bb, ha se\u00f1alado Ghebreyesus.<\/p>\n\n\n\n<p>\u00abEl\n desaf\u00edo para muchos pa\u00edses que ahora est\u00e1n lidiando con grandes \nconjuntos [de contagiados] o con la transmisi\u00f3n comunitaria no es si \npueden hacer lo mismo, sino si lo har\u00e1n\u00bb, agreg\u00f3.<\/p>\n\n\n\n<p>\u00abEsto es asunto \nde todos\u00bb, ha se\u00f1alado Ghebreyesus, y afirm\u00f3 que \u00abtodos los pa\u00edses a\u00fan \npueden cambiar el curso de esta pandemia\u00bb. No obstante, ha comentado que\n algunos pa\u00edses \u00abno cuentan la historia completa\u00bb de la propagaci\u00f3n del \ncovid-19 en su territorio.<\/p>\n\n\n\n<p>Durante la misma comparecencia, el experto de la OMS Mike Ryan ha declarado que actualmente en la primera l\u00ednea del coronavirus est\u00e1n Ir\u00e1n e  Italia, aunque advirti\u00f3 que otros pa\u00edses \u00abmuy pronto se encontrar\u00e1n en  la misma situaci\u00f3n\u00bb.<\/p>\n\n\n\n<p>La OMS ha confirmado m\u00e1s de&nbsp;<strong>118.000 casos de covid-19 en 114 pa\u00edses&nbsp;<\/strong>y<strong>&nbsp;4.291 fallecimientos.&nbsp;<\/strong><\/p>\n\n\n\n<p>Aparte  de China (80.909 contagios), la mayor\u00eda de los casos fueron detectados  en Italia, Ir\u00e1n y Corea del Sur (10.149,\u00a09.000 y 7.755,  respectivamente). Entre los pa\u00edses europeos, Espa\u00f1a, Francia y Alemania  tambi\u00e9n registraron\u00a0m\u00e1s de 1.000\u00a0infectados (2.124, 1.784 y 1.622,  respectivamente).<\/p>\n\n\n\n<p>En Am\u00e9rica Latina, se reportan 36 casos confirmados en Brasil; 23 en Chile; 19 en Argentina; 17 en Ecuador ; 13 en Costa Rica y Per\u00fa; nueve en Colombia;\u00a0ocho en Panama y M\u00e9xico; dos en Bolivia,Honduras y Paraguay, adem\u00e1s de cinco enRep\u00fablica Dominicana. <\/p>\n\n\n\n<p>En\n una entrevista a RT, el portavoz de la Sociedad Espa\u00f1ola de Salud \nP\u00fablica, Ildefonso Hern\u00e1ndez Aguado, ha comentado que \u00abes poco veros\u00edmil\n que medidas de contenci\u00f3n a la larga tengan efecto\u00bb.<\/p>\n\n\n\n<p>\u00abLo m\u00e1s  probable es que poco a poco casi todas las sociedades tengan contacto  con el virus. La clave est\u00e1 en saber c\u00f3mo atenuar al m\u00e1ximo los  efectos\u00bb, se\u00f1al\u00f3 Hern\u00e1ndez.<\/p>\n\n\n\n<p>RT<\/p>\n\n\n\n<p><\/p>\n","protected":false},"excerpt":{"rendered":"<p>La OMS ha confirmado m\u00e1s de 118.000 casos de covid-19 en 114 pa\u00edses y 4.291 fallecimientos. \u00abLa OMS ha estado evaluando este brote durante todo el d\u00eda y estamos profundamente preocupados tanto por los niveles alarmantes de propagaci\u00f3n y gravedad, como por los niveles alarmantes de inacci\u00f3n. Por lo tanto, hemos evaluado que el covid-19 [&hellip;]<\/p>\n","protected":false},"author":1,"featured_media":21912,"comment_status":"open","ping_status":"open","sticky":false,"template":"","format":"standard","meta":{"rop_custom_images_group":[],"rop_custom_messages_group":[],"rop_publish_now":"initial","rop_publish_now_accounts":[],"rop_publish_now_history":[],"rop_publish_now_status":"pending","footnotes":""},"categories":[75,71],"tags":[],"class_list":["post-21911","post","type-post","status-publish","format-standard","has-post-thumbnail","hentry","category-actualidad","category-salud"],"_links":{"self":[{"href":"https:\/\/notiissa.mx\/index.php?rest_route=\/wp\/v2\/posts\/21911","targetHints":{"allow":["GET"]}}],"collection":[{"href":"https:\/\/notiissa.mx\/index.php?rest_route=\/wp\/v2\/posts"}],"about":[{"href":"https:\/\/notiissa.mx\/index.php?rest_route=\/wp\/v2\/types\/post"}],"author":[{"embeddable":true,"href":"https:\/\/notiissa.mx\/index.php?rest_route=\/wp\/v2\/users\/1"}],"replies":[{"embeddable":true,"href":"https:\/\/notiissa.mx\/index.php?rest_route=%2Fwp%2Fv2%2Fcomments&post=21911"}],"version-history":[{"count":1,"href":"https:\/\/notiissa.mx\/index.php?rest_route=\/wp\/v2\/posts\/21911\/revisions"}],"predecessor-version":[{"id":21913,"href":"https:\/\/notiissa.mx\/index.php?rest_route=\/wp\/v2\/posts\/21911\/revisions\/21913"}],"wp:featuredmedia":[{"embeddable":true,"href":"https:\/\/notiissa.mx\/index.php?rest_route=\/wp\/v2\/media\/21912"}],"wp:attachment":[{"href":"https:\/\/notiissa.mx\/index.php?rest_route=%2Fwp%2Fv2%2Fmedia&parent=21911"}],"wp:term":[{"taxonomy":"category","embeddable":true,"href":"https:\/\/notiissa.mx\/index.php?rest_route=%2Fwp%2Fv2%2Fcategories&post=21911"},{"taxonomy":"post_tag","embeddable":true,"href":"https:\/\/notiissa.mx\/index.php?rest_route=%2Fwp%2Fv2%2Ftags&post=21911"}],"curies":[{"name":"wp","href":"https:\/\/api.w.org\/{rel}","templated":true}]}}