{"id":21792,"date":"2020-03-08T00:07:36","date_gmt":"2020-03-08T00:07:36","guid":{"rendered":"http:\/\/notiissa.mx\/?p=21792"},"modified":"2020-03-08T00:07:37","modified_gmt":"2020-03-08T00:07:37","slug":"conmemoran-dia-internacional-de-la-mujer-con-platicas-de-prevencion","status":"publish","type":"post","link":"https:\/\/notiissa.mx\/?p=21792","title":{"rendered":"Conmemoran D\u00eda Internacional de la Mujer con pl\u00e1ticas de prevenci\u00f3n"},"content":{"rendered":"\n<p>Con pl\u00e1ticas para brindar informaci\u00f3n en  temas de prevenci\u00f3n de violencia y seguridad para las mujeres el  Municipio en conjunto con la C\u00e1mara Nacional de la Industria de  Transformaci\u00f3n (CANACINTRA) y Grupo Index conmemora el D\u00eda  Internacional de la Mujer, con el objetivo de resaltar la importancia de  su participaci\u00f3n en la vida p\u00fablica, laboral, empresarial.<\/p>\n\n\n\n<p>A trav\u00e9s del evento denominado \u201cJuntas por \nnosotras\u201d que tuvo lugar en el Sal\u00f3n Da Vinci del Museo Semilla, el \nInstituto Municipal de las Mujeres (IMM), en colaboraci\u00f3n con el sector \nempresarial impuls\u00f3 una serie de actividades en pro de la poblaci\u00f3n \nfemenina.<\/p>\n\n\n\n<p>La titular del Instituto de las Mujeres, \nMargarita Blackaller Prieto, indic\u00f3 que; \u201ccomo gobierno humanista, y \nsiguiendo la encomienda de la Presidenta Municipal, debemos de ser el \ngobierno m\u00e1s cercano a las personas. En la medida en que se mejore la \ncalidad de vida de las mujeres, disminuyendo las brechas de desigualdad,\n estaremos m\u00e1s cerca de ejercer los derechos humanos\u201d.<\/p>\n\n\n\n<p>Las asistentes fueron part\u00edcipes de una \nexhibici\u00f3n de t\u00e9cnicas de autodefensa, como parte del programa de \nprevenci\u00f3n para mujeres \u201cCuenta conmigo\u201d que promueve la Direcci\u00f3n de \nSeguridad P\u00fablica Municipal, misma que realiz\u00f3 una exposici\u00f3n sobre el \npanorama de la seguridad de las mujeres en el pa\u00eds y en el municipio, \nseguido del protocolo utilizado por la DSPM ante la desaparici\u00f3n de \npersonas.<\/p>\n\n\n\n<p>Por otra parte, se imparti\u00f3 una conferencia \ntestimonial a cargo de Ana Margarita Esper\u00f3n Lara, empresaria e \ninvestigadora, quien expuso su experiencia trabajando como especialista \nen modelos de negocio de alta tecnolog\u00eda al tiempo que balancea sus \nactividades con su rol como madre.<\/p>\n\n\n\n<p>En el marco de este evento se efectu\u00f3 un \npanel de preguntas y respuestas, donde participaron como representantes \ndel sector empresarial y gubernamental la gerente de Planta B\u00fchler, \nCristina S\u00e1nchez Chac\u00f3n; Ileana Nu\u00f1ez Santini, gerente de Desarrollo \nCorporativo de RIPIPSA; Alejandrina Barraza Ramos, jefa del departamento\n de Fortalecimiento Familiar y Responsabilidad Social del DIF Municipal;\n y Margarita Blackaller Prieto, directora del Instituto Municipal de las\n Mujeres.<\/p>\n\n\n\n<p>Durante el panel, las participantes \nresaltaron temas como la participaci\u00f3n de las mujeres en el sector \nempresarial, la relevancia del balance trabajo-familia y la importancia \ndel trabajo en conjunto con distintos actores sociales para la seguridad\n de las mujeres y prevenci\u00f3n de la violencia, partiendo de una \nperspectiva de respeto a la dignidad humana.<\/p>\n\n\n\n<p>El D\u00eda Internacional de las Mujeres se \nconmemora en numerosos pa\u00edses el 8 de marzo de cada a\u00f1o. Un d\u00eda que \ntiene origen en la reivindicaci\u00f3n de la mujer trabajadora, con el paso \nde los a\u00f1os ha evolucionado hasta representar la petici\u00f3n de la igualdad\n de derechos, el papel de la mujer en la sociedad y la erradicaci\u00f3n de \nla violencia de g\u00e9nero.<\/p>\n\n\n\n<p>El Gobierno Municipal a trav\u00e9s del IMM se \ncompromete a seguir trabajando de manera transversal y colaborativa con \notras dependencias de gobierno, sociedad civil, academia y el sector \nempresarial para seguir generando estrategias coordinadas para la \nprevenci\u00f3n y erradicaci\u00f3n de la violencia contra las mujeres en todas \nsus formas.<\/p>\n\n\n\n<p>En la inauguraci\u00f3n se cont\u00f3 en el pres\u00eddium  con la presencia de: Margarita Blackaller, directora del IMM; Antonio  Valad\u00e9z, presidente de CANACINTRA; el director de Seguridad P\u00fablica  Municipal, Gilberto Loya; la regidora Flor Navarro; Carolina Cavada,  presidenta de Mujeres CANACINTRA; y Cristina S\u00e1nchez Chac\u00f3n de  Planta B\u00fchler. <\/p>\n\n\n\n<p>Para m\u00e1s informaci\u00f3n sobre la labor del \nInstituto Municipal de las Mujeres, comunicarse al n\u00famero 072 extensi\u00f3n \n2604 o acudir a sus instalaciones en la Calle 4ta #2411 Colonia Centro.<\/p>\n","protected":false},"excerpt":{"rendered":"<p>Con pl\u00e1ticas para brindar informaci\u00f3n en temas de prevenci\u00f3n de violencia y seguridad para las mujeres el Municipio en conjunto con la C\u00e1mara Nacional de la Industria de Transformaci\u00f3n (CANACINTRA) y Grupo Index conmemora el D\u00eda Internacional de la Mujer, con el objetivo de resaltar la importancia de su participaci\u00f3n en la vida p\u00fablica, laboral, [&hellip;]<\/p>\n","protected":false},"author":1,"featured_media":21793,"comment_status":"open","ping_status":"open","sticky":false,"template":"","format":"standard","meta":{"rop_custom_images_group":[],"rop_custom_messages_group":[],"rop_publish_now":"initial","rop_publish_now_accounts":[],"rop_publish_now_history":[],"rop_publish_now_status":"pending","footnotes":""},"categories":[67],"tags":[23],"class_list":["post-21792","post","type-post","status-publish","format-standard","has-post-thumbnail","hentry","category-ciudad","tag-destacado"],"_links":{"self":[{"href":"https:\/\/notiissa.mx\/index.php?rest_route=\/wp\/v2\/posts\/21792","targetHints":{"allow":["GET"]}}],"collection":[{"href":"https:\/\/notiissa.mx\/index.php?rest_route=\/wp\/v2\/posts"}],"about":[{"href":"https:\/\/notiissa.mx\/index.php?rest_route=\/wp\/v2\/types\/post"}],"author":[{"embeddable":true,"href":"https:\/\/notiissa.mx\/index.php?rest_route=\/wp\/v2\/users\/1"}],"replies":[{"embeddable":true,"href":"https:\/\/notiissa.mx\/index.php?rest_route=%2Fwp%2Fv2%2Fcomments&post=21792"}],"version-history":[{"count":1,"href":"https:\/\/notiissa.mx\/index.php?rest_route=\/wp\/v2\/posts\/21792\/revisions"}],"predecessor-version":[{"id":21794,"href":"https:\/\/notiissa.mx\/index.php?rest_route=\/wp\/v2\/posts\/21792\/revisions\/21794"}],"wp:featuredmedia":[{"embeddable":true,"href":"https:\/\/notiissa.mx\/index.php?rest_route=\/wp\/v2\/media\/21793"}],"wp:attachment":[{"href":"https:\/\/notiissa.mx\/index.php?rest_route=%2Fwp%2Fv2%2Fmedia&parent=21792"}],"wp:term":[{"taxonomy":"category","embeddable":true,"href":"https:\/\/notiissa.mx\/index.php?rest_route=%2Fwp%2Fv2%2Fcategories&post=21792"},{"taxonomy":"post_tag","embeddable":true,"href":"https:\/\/notiissa.mx\/index.php?rest_route=%2Fwp%2Fv2%2Ftags&post=21792"}],"curies":[{"name":"wp","href":"https:\/\/api.w.org\/{rel}","templated":true}]}}