{"id":21789,"date":"2020-03-08T00:00:32","date_gmt":"2020-03-08T00:00:32","guid":{"rendered":"http:\/\/notiissa.mx\/?p=21789"},"modified":"2020-03-08T00:00:33","modified_gmt":"2020-03-08T00:00:33","slug":"emiten-recomendaciones-en-deportivos-municipales-por-paro-del-9-de-marzo","status":"publish","type":"post","link":"https:\/\/notiissa.mx\/?p=21789","title":{"rendered":"Emiten recomendaciones en Deportivos Municipales por paro del 9 de marzo"},"content":{"rendered":"\n<p><\/p>\n\n\n\n<p>Chihuahua.-Debido al paro \u201cUn D\u00eda  sin Nosotras\u201d, convocado para el pr\u00f3ximo lunes 9 de marzo, el Instituto  Municipal de Cultura F\u00edsica y Deporte hace del conocimiento a las y los  usuarios que acuden a los Deportivos Municipales Norte, Sur, Ni\u00f1o  Espino, Gimnasio de Deporte Adaptado y Tricentenario, que estos operar\u00e1n  sus servicios con normalidad.<\/p>\n\n\n\n<p>Sin embargo y acorde al \nposicionamiento de la Presidenta Municipal, en que la presente \nadministraci\u00f3n municipal apoya a todas las colaboradoras que deseen \nparticipar en el paro, el Instituto reitera el compromiso de respaldar a\n la plantilla de trabajadoras, por lo que se solicita a los y las \nusuarias su comprensi\u00f3n de tomar medidas pertinentes en su din\u00e1micas de \nactividades deportivas, ya que parte del equipo de trabajo en deportivos\n son mujeres y se respaldar\u00e1 su decisi\u00f3n de no laborar ese d\u00eda.<\/p>\n\n\n\n<p>Este porcentaje de \nmujeres en centros deportivos se desempe\u00f1an en distintos cargos, siendo \nel de guardias de ba\u00f1os el m\u00e1s espec\u00edfico de cubrir por el g\u00e9nero \ncorrespondiente, de modo que para el ba\u00f1o de mujeres no podr\u00e1 ser \ncubierto por colaboradores varones.<\/p>\n\n\n\n<p>Confiados en la \ndisposici\u00f3n y sororidad de usuarios y usuarias de sumarse a las fechas \ndel 8 y 9 de marzo, el Instituto Municipal del Deporte invita a la \nreflexi\u00f3n del papel de la mujer en la sociedad actual, sobre todo la \nconcientizaci\u00f3n para erradicar la violencia en \u00e1mbitos laborales, de \npol\u00edticas p\u00fablicas, seguridad y cualquier otro tipo de violencia hacia \nla mujer.<\/p>\n","protected":false},"excerpt":{"rendered":"<p>Chihuahua.-Debido al paro \u201cUn D\u00eda sin Nosotras\u201d, convocado para el pr\u00f3ximo lunes 9 de marzo, el Instituto Municipal de Cultura F\u00edsica y Deporte hace del conocimiento a las y los usuarios que acuden a los Deportivos Municipales Norte, Sur, Ni\u00f1o Espino, Gimnasio de Deporte Adaptado y Tricentenario, que estos operar\u00e1n sus servicios con normalidad. Sin [&hellip;]<\/p>\n","protected":false},"author":1,"featured_media":21790,"comment_status":"open","ping_status":"open","sticky":false,"template":"","format":"standard","meta":{"rop_custom_images_group":[],"rop_custom_messages_group":[],"rop_publish_now":"initial","rop_publish_now_accounts":[],"rop_publish_now_history":[],"rop_publish_now_status":"pending","footnotes":""},"categories":[67],"tags":[],"class_list":["post-21789","post","type-post","status-publish","format-standard","has-post-thumbnail","hentry","category-ciudad"],"_links":{"self":[{"href":"https:\/\/notiissa.mx\/index.php?rest_route=\/wp\/v2\/posts\/21789","targetHints":{"allow":["GET"]}}],"collection":[{"href":"https:\/\/notiissa.mx\/index.php?rest_route=\/wp\/v2\/posts"}],"about":[{"href":"https:\/\/notiissa.mx\/index.php?rest_route=\/wp\/v2\/types\/post"}],"author":[{"embeddable":true,"href":"https:\/\/notiissa.mx\/index.php?rest_route=\/wp\/v2\/users\/1"}],"replies":[{"embeddable":true,"href":"https:\/\/notiissa.mx\/index.php?rest_route=%2Fwp%2Fv2%2Fcomments&post=21789"}],"version-history":[{"count":1,"href":"https:\/\/notiissa.mx\/index.php?rest_route=\/wp\/v2\/posts\/21789\/revisions"}],"predecessor-version":[{"id":21791,"href":"https:\/\/notiissa.mx\/index.php?rest_route=\/wp\/v2\/posts\/21789\/revisions\/21791"}],"wp:featuredmedia":[{"embeddable":true,"href":"https:\/\/notiissa.mx\/index.php?rest_route=\/wp\/v2\/media\/21790"}],"wp:attachment":[{"href":"https:\/\/notiissa.mx\/index.php?rest_route=%2Fwp%2Fv2%2Fmedia&parent=21789"}],"wp:term":[{"taxonomy":"category","embeddable":true,"href":"https:\/\/notiissa.mx\/index.php?rest_route=%2Fwp%2Fv2%2Fcategories&post=21789"},{"taxonomy":"post_tag","embeddable":true,"href":"https:\/\/notiissa.mx\/index.php?rest_route=%2Fwp%2Fv2%2Ftags&post=21789"}],"curies":[{"name":"wp","href":"https:\/\/api.w.org\/{rel}","templated":true}]}}